{"id":11358,"date":"2020-01-24T17:49:20","date_gmt":"2020-01-24T15:49:20","guid":{"rendered":"http:\/\/www.vs-st-kanzian.ksn.at\/?p=11358"},"modified":"2020-02-27T20:52:05","modified_gmt":"2020-02-27T18:52:05","slug":"stadttheater-mestno-gledalisce-mars-2036","status":"publish","type":"post","link":"https:\/\/vs-st-kanzian.ksn.at\/?p=11358","title":{"rendered":"Stadttheater Klagenfurt \/ Mestno gledali\u0161\u010de Celovec &#8211; &#8222;Mars 2036&#8220;"},"content":{"rendered":"<p>Am 17.01.2020 besuchten wir das Stadttheater Klagenfurt und sahen uns das St\u00fcck &#8222;Mars 2036&#8220; an.<\/p>\n<p>Vsako leto radi obiskujemo mestno gledali\u0161\u010de v Celovcu. Lestos smo si ogledali musikal &#8222;Mars 2036&#8220;.<!--more--><\/p>\n<p><a title=\"19\/20 Stadttheater Klagenfurt &quot;Mars 2020&quot;\" href=\"https:\/\/www.flickr.com\/photos\/100149004@N08\/albums\/72157712810723792\" data-flickr-embed=\"true\"><img loading=\"lazy\" decoding=\"async\" class=\"aligncenter\" src=\"https:\/\/live.staticflickr.com\/65535\/49432815863_c3244dac27_c.jpg\" alt=\"19\/20 Stadttheater Klagenfurt &quot;Mars 2020&quot;\" width=\"800\" height=\"389\" \/><\/a><script async src=\"\/\/embedr.flickr.com\/assets\/client-code.js\" charset=\"utf-8\"><\/script><br \/>\n<a href=\"https:\/\/www.flickr.com\/photos\/100149004@N08\/sets\/\" target=\"_blank\" rel=\"noopener noreferrer\">ALLE ALBEN<\/a><\/p>\n","protected":false},"excerpt":{"rendered":"<p>Am 17.01.2020 besuchten wir das Stadttheater Klagenfurt und sahen uns das St\u00fcck &#8222;Mars 2036&#8220; an. Vsako leto radi obiskujemo mestno gledali\u0161\u010de v Celovcu. Lestos smo si ogledali musikal &#8222;Mars 2036&#8220;.<\/p>\n","protected":false},"author":3,"featured_media":11368,"comment_status":"closed","ping_status":"open","sticky":false,"template":"","format":"standard","meta":{"footnotes":""},"categories":[115],"tags":[],"class_list":["post-11358","post","type-post","status-publish","format-standard","has-post-thumbnail","hentry","category-wir-alle-machten-mit-2019-20"],"_links":{"self":[{"href":"https:\/\/vs-st-kanzian.ksn.at\/index.php?rest_route=\/wp\/v2\/posts\/11358","targetHints":{"allow":["GET"]}}],"collection":[{"href":"https:\/\/vs-st-kanzian.ksn.at\/index.php?rest_route=\/wp\/v2\/posts"}],"about":[{"href":"https:\/\/vs-st-kanzian.ksn.at\/index.php?rest_route=\/wp\/v2\/types\/post"}],"author":[{"embeddable":true,"href":"https:\/\/vs-st-kanzian.ksn.at\/index.php?rest_route=\/wp\/v2\/users\/3"}],"replies":[{"embeddable":true,"href":"https:\/\/vs-st-kanzian.ksn.at\/index.php?rest_route=%2Fwp%2Fv2%2Fcomments&post=11358"}],"version-history":[{"count":9,"href":"https:\/\/vs-st-kanzian.ksn.at\/index.php?rest_route=\/wp\/v2\/posts\/11358\/revisions"}],"predecessor-version":[{"id":11449,"href":"https:\/\/vs-st-kanzian.ksn.at\/index.php?rest_route=\/wp\/v2\/posts\/11358\/revisions\/11449"}],"wp:featuredmedia":[{"embeddable":true,"href":"https:\/\/vs-st-kanzian.ksn.at\/index.php?rest_route=\/wp\/v2\/media\/11368"}],"wp:attachment":[{"href":"https:\/\/vs-st-kanzian.ksn.at\/index.php?rest_route=%2Fwp%2Fv2%2Fmedia&parent=11358"}],"wp:term":[{"taxonomy":"category","embeddable":true,"href":"https:\/\/vs-st-kanzian.ksn.at\/index.php?rest_route=%2Fwp%2Fv2%2Fcategories&post=11358"},{"taxonomy":"post_tag","embeddable":true,"href":"https:\/\/vs-st-kanzian.ksn.at\/index.php?rest_route=%2Fwp%2Fv2%2Ftags&post=11358"}],"curies":[{"name":"wp","href":"https:\/\/api.w.org\/{rel}","templated":true}]}}