{"id":11389,"date":"2020-01-31T15:18:06","date_gmt":"2020-01-31T13:18:06","guid":{"rendered":"http:\/\/www.vs-st-kanzian.ksn.at\/?p=11389"},"modified":"2020-01-31T15:38:56","modified_gmt":"2020-01-31T13:38:56","slug":"striezel-backen-in-der-3a-klasse-struceje","status":"publish","type":"post","link":"https:\/\/vs-st-kanzian.ksn.at\/?p=11389","title":{"rendered":"Striezelbacken in der Klasse 3a \/ \u0160truceje"},"content":{"rendered":"<p>Der Brauch des Striezelwerfens, der auf die hl. Hildegard von Stein zur\u00fcckgeht, war f\u00fcr die Erstkommunionkinder der Anlass, auch selbst knusprige, kleine Brote zu backen. Den Teig bereitete uns die &#8222;B\u00e4ckerei Greiner&#8220; vor.<br \/>\nVielen Dank! Ebenso ein herzliches Dankesch\u00f6n an Frau Blantar und Frau Preinig f\u00fcr die Mithilfe! Da geweihte Striezel vor Unheil und Krankheiten sch\u00fctzen sollen, kam Herr Pfarrer Isop in die Schule und weihte diese f\u00fcr uns.<\/p>\n<p>Po starem obi\u010daju, na spomin sv. Liharde Kamenska so prvoobhanjanci s pomo\u010djo gospe Blantar in gospe Preinig pekli \u0161truceje. Najlep\u0161a hvala velja vsem, ki so pomagali, hvala tudi pekarni Greiner iz Globasnice, ki je pripravila testo za kruh. \u0160kocjanski \u017eupnik Mirko Isop je blagoslovil \u0161truceje in povedal mnogo zanimivega o sv. Lihardi.<\/p>\n<p><a title=\"19\/20 Striezel 3a\" href=\"https:\/\/www.flickr.com\/photos\/100149004@N08\/albums\/72157712910322291\" data-flickr-embed=\"true\"><img loading=\"lazy\" decoding=\"async\" class=\"aligncenter\" src=\"https:\/\/live.staticflickr.com\/65535\/49467262836_503f598079_c.jpg\" alt=\"19\/20 Striezel 3a\" width=\"800\" height=\"389\" \/><\/a><script async src=\"\/\/embedr.flickr.com\/assets\/client-code.js\" charset=\"utf-8\"><\/script><br \/>\n<a href=\"https:\/\/www.flickr.com\/photos\/100149004@N08\/sets\/\" target=\"_blank\" rel=\"noopener noreferrer\">ALLE ALBEN<\/a><\/p>\n","protected":false},"excerpt":{"rendered":"<p>Der Brauch des Striezelwerfens, der auf die hl. Hildegard von Stein zur\u00fcckgeht, war f\u00fcr die Erstkommunionkinder der Anlass, auch selbst knusprige, kleine Brote zu backen. Den Teig bereitete uns die &#8222;B\u00e4ckerei Greiner&#8220; vor. Vielen Dank! Ebenso ein herzliches Dankesch\u00f6n an<\/p>\n","protected":false},"author":3,"featured_media":11397,"comment_status":"closed","ping_status":"open","sticky":false,"template":"","format":"standard","meta":{"footnotes":""},"categories":[108],"tags":[],"class_list":["post-11389","post","type-post","status-publish","format-standard","has-post-thumbnail","hentry","category-beitraege-der-3a-19-20"],"_links":{"self":[{"href":"https:\/\/vs-st-kanzian.ksn.at\/index.php?rest_route=\/wp\/v2\/posts\/11389","targetHints":{"allow":["GET"]}}],"collection":[{"href":"https:\/\/vs-st-kanzian.ksn.at\/index.php?rest_route=\/wp\/v2\/posts"}],"about":[{"href":"https:\/\/vs-st-kanzian.ksn.at\/index.php?rest_route=\/wp\/v2\/types\/post"}],"author":[{"embeddable":true,"href":"https:\/\/vs-st-kanzian.ksn.at\/index.php?rest_route=\/wp\/v2\/users\/3"}],"replies":[{"embeddable":true,"href":"https:\/\/vs-st-kanzian.ksn.at\/index.php?rest_route=%2Fwp%2Fv2%2Fcomments&post=11389"}],"version-history":[{"count":8,"href":"https:\/\/vs-st-kanzian.ksn.at\/index.php?rest_route=\/wp\/v2\/posts\/11389\/revisions"}],"predecessor-version":[{"id":11400,"href":"https:\/\/vs-st-kanzian.ksn.at\/index.php?rest_route=\/wp\/v2\/posts\/11389\/revisions\/11400"}],"wp:featuredmedia":[{"embeddable":true,"href":"https:\/\/vs-st-kanzian.ksn.at\/index.php?rest_route=\/wp\/v2\/media\/11397"}],"wp:attachment":[{"href":"https:\/\/vs-st-kanzian.ksn.at\/index.php?rest_route=%2Fwp%2Fv2%2Fmedia&parent=11389"}],"wp:term":[{"taxonomy":"category","embeddable":true,"href":"https:\/\/vs-st-kanzian.ksn.at\/index.php?rest_route=%2Fwp%2Fv2%2Fcategories&post=11389"},{"taxonomy":"post_tag","embeddable":true,"href":"https:\/\/vs-st-kanzian.ksn.at\/index.php?rest_route=%2Fwp%2Fv2%2Ftags&post=11389"}],"curies":[{"name":"wp","href":"https:\/\/api.w.org\/{rel}","templated":true}]}}