{"id":12198,"date":"2020-10-06T16:49:50","date_gmt":"2020-10-06T14:49:50","guid":{"rendered":"http:\/\/www.vs-st-kanzian.ksn.at\/?p=12198"},"modified":"2021-07-07T14:00:28","modified_gmt":"2021-07-07T12:00:28","slug":"gemeinsamer-wandertag-4a-4b","status":"publish","type":"post","link":"https:\/\/vs-st-kanzian.ksn.at\/?p=12198","title":{"rendered":"Gemeinsamer Wandertag &#8211; 4a, 4b"},"content":{"rendered":"<p>Am Dienstag, dem 29. September, wanderten die beiden 4. Klassen\u00a0 von der Schule Richtung Oberburg bis M\u00f6kriach und Grabelsdorf. <!--more-->Nach einer St\u00e4rkung im Gr\u00fcnen marschierten wir wieder zur\u00fcck zur Schule, wobei wir, so nebenbei gesagt, ca. 19.000 Schritte zur\u00fccklegten.<\/p>\n<p><a title=\"2020\/21 Wandertag 4a,4b\" href=\"https:\/\/www.flickr.com\/photos\/100149004@N08\/albums\/72157716214664896\" data-flickr-embed=\"true\"><img loading=\"lazy\" decoding=\"async\" class=\"aligncenter\" src=\"https:\/\/live.staticflickr.com\/65535\/50407344381_a12e93a6cb_c.jpg\" alt=\"2020\/21 Wandertag 4a,4b\" width=\"800\" height=\"600\" \/><\/a><script async src=\"\/\/embedr.flickr.com\/assets\/client-code.js\" charset=\"utf-8\"><\/script><br \/>\n<a href=\"https:\/\/www.flickr.com\/photos\/100149004@N08\/sets\/\" target=\"_blank\" rel=\"noopener noreferrer\">ALLE ALBEN<\/a><\/p>\n","protected":false},"excerpt":{"rendered":"<p>Am Dienstag, dem 29. September, wanderten die beiden 4. Klassen\u00a0 von der Schule Richtung Oberburg bis M\u00f6kriach und Grabelsdorf.<\/p>\n","protected":false},"author":3,"featured_media":12227,"comment_status":"closed","ping_status":"open","sticky":false,"template":"","format":"standard","meta":{"footnotes":""},"categories":[125,126],"tags":[],"class_list":["post-12198","post","type-post","status-publish","format-standard","has-post-thumbnail","hentry","category-beitraege-der-4a-2020-21","category-beitraege-der-4b-2020-21"],"_links":{"self":[{"href":"https:\/\/vs-st-kanzian.ksn.at\/index.php?rest_route=\/wp\/v2\/posts\/12198","targetHints":{"allow":["GET"]}}],"collection":[{"href":"https:\/\/vs-st-kanzian.ksn.at\/index.php?rest_route=\/wp\/v2\/posts"}],"about":[{"href":"https:\/\/vs-st-kanzian.ksn.at\/index.php?rest_route=\/wp\/v2\/types\/post"}],"author":[{"embeddable":true,"href":"https:\/\/vs-st-kanzian.ksn.at\/index.php?rest_route=\/wp\/v2\/users\/3"}],"replies":[{"embeddable":true,"href":"https:\/\/vs-st-kanzian.ksn.at\/index.php?rest_route=%2Fwp%2Fv2%2Fcomments&post=12198"}],"version-history":[{"count":7,"href":"https:\/\/vs-st-kanzian.ksn.at\/index.php?rest_route=\/wp\/v2\/posts\/12198\/revisions"}],"predecessor-version":[{"id":12695,"href":"https:\/\/vs-st-kanzian.ksn.at\/index.php?rest_route=\/wp\/v2\/posts\/12198\/revisions\/12695"}],"wp:featuredmedia":[{"embeddable":true,"href":"https:\/\/vs-st-kanzian.ksn.at\/index.php?rest_route=\/wp\/v2\/media\/12227"}],"wp:attachment":[{"href":"https:\/\/vs-st-kanzian.ksn.at\/index.php?rest_route=%2Fwp%2Fv2%2Fmedia&parent=12198"}],"wp:term":[{"taxonomy":"category","embeddable":true,"href":"https:\/\/vs-st-kanzian.ksn.at\/index.php?rest_route=%2Fwp%2Fv2%2Fcategories&post=12198"},{"taxonomy":"post_tag","embeddable":true,"href":"https:\/\/vs-st-kanzian.ksn.at\/index.php?rest_route=%2Fwp%2Fv2%2Ftags&post=12198"}],"curies":[{"name":"wp","href":"https:\/\/api.w.org\/{rel}","templated":true}]}}