{"id":12408,"date":"2020-11-23T16:45:29","date_gmt":"2020-11-23T14:45:29","guid":{"rendered":"http:\/\/www.vs-st-kanzian.ksn.at\/?p=12408"},"modified":"2020-11-23T16:54:06","modified_gmt":"2020-11-23T14:54:06","slug":"lesefahnen","status":"publish","type":"post","link":"https:\/\/vs-st-kanzian.ksn.at\/?p=12408","title":{"rendered":"Lesefahnen"},"content":{"rendered":"<p>Damit\u00a0 f\u00fcr alle auch nach au\u00dfen sichtbar wird, wie wichtig an unserer Schule das Lesen ist, h\u00e4ngen seit zwei Wochen an unserem Zaun \u201eLesefahnen\u201c.<br \/>\nJede Klasse, jedes Kind hat eine Fahne gestaltet. Lieblingsb\u00fccher, Steckbriefe, Fotos von Lesemomenten und noch vieles\u00a0 mehr kann man bewundern. In der Pause und in Lesestunden k\u00f6nnen unsere Sch\u00fclerInnen nun bei den Fahnen schm\u00f6kern.<\/p>\n<p>So ist unser Schulgarten auch zum Lesegarten geworden.<\/p>\n<p><a title=\"2020\/21 Lesefahnen\" href=\"https:\/\/www.flickr.com\/photos\/100149004@N08\/albums\/72157716946593451\" data-flickr-embed=\"true\"><img loading=\"lazy\" decoding=\"async\" class=\"aligncenter\" src=\"https:\/\/live.staticflickr.com\/65535\/50619783616_9c0bbbfa8d_c.jpg\" alt=\"2020\/21 Lesefahnen\" width=\"800\" height=\"600\" \/><\/a><script async src=\"\/\/embedr.flickr.com\/assets\/client-code.js\" charset=\"utf-8\"><\/script><br \/>\n<a href=\"https:\/\/www.flickr.com\/photos\/100149004@N08\/sets\/\" target=\"_blank\" rel=\"noopener noreferrer\">ALLE ALBEN<\/a><\/p>\n","protected":false},"excerpt":{"rendered":"<p>Damit\u00a0 f\u00fcr alle auch nach au\u00dfen sichtbar wird, wie wichtig an unserer Schule das Lesen ist, h\u00e4ngen seit zwei Wochen an unserem Zaun \u201eLesefahnen\u201c. Jede Klasse, jedes Kind hat eine Fahne gestaltet. Lieblingsb\u00fccher, Steckbriefe, Fotos von Lesemomenten und noch vieles\u00a0<\/p>\n","protected":false},"author":3,"featured_media":12417,"comment_status":"closed","ping_status":"open","sticky":false,"template":"","format":"standard","meta":{"footnotes":""},"categories":[25],"tags":[],"class_list":["post-12408","post","type-post","status-publish","format-standard","has-post-thumbnail","hentry","category-bibliothek"],"_links":{"self":[{"href":"https:\/\/vs-st-kanzian.ksn.at\/index.php?rest_route=\/wp\/v2\/posts\/12408","targetHints":{"allow":["GET"]}}],"collection":[{"href":"https:\/\/vs-st-kanzian.ksn.at\/index.php?rest_route=\/wp\/v2\/posts"}],"about":[{"href":"https:\/\/vs-st-kanzian.ksn.at\/index.php?rest_route=\/wp\/v2\/types\/post"}],"author":[{"embeddable":true,"href":"https:\/\/vs-st-kanzian.ksn.at\/index.php?rest_route=\/wp\/v2\/users\/3"}],"replies":[{"embeddable":true,"href":"https:\/\/vs-st-kanzian.ksn.at\/index.php?rest_route=%2Fwp%2Fv2%2Fcomments&post=12408"}],"version-history":[{"count":5,"href":"https:\/\/vs-st-kanzian.ksn.at\/index.php?rest_route=\/wp\/v2\/posts\/12408\/revisions"}],"predecessor-version":[{"id":12419,"href":"https:\/\/vs-st-kanzian.ksn.at\/index.php?rest_route=\/wp\/v2\/posts\/12408\/revisions\/12419"}],"wp:featuredmedia":[{"embeddable":true,"href":"https:\/\/vs-st-kanzian.ksn.at\/index.php?rest_route=\/wp\/v2\/media\/12417"}],"wp:attachment":[{"href":"https:\/\/vs-st-kanzian.ksn.at\/index.php?rest_route=%2Fwp%2Fv2%2Fmedia&parent=12408"}],"wp:term":[{"taxonomy":"category","embeddable":true,"href":"https:\/\/vs-st-kanzian.ksn.at\/index.php?rest_route=%2Fwp%2Fv2%2Fcategories&post=12408"},{"taxonomy":"post_tag","embeddable":true,"href":"https:\/\/vs-st-kanzian.ksn.at\/index.php?rest_route=%2Fwp%2Fv2%2Ftags&post=12408"}],"curies":[{"name":"wp","href":"https:\/\/api.w.org\/{rel}","templated":true}]}}