{"id":1259,"date":"2014-09-16T15:17:25","date_gmt":"2014-09-16T13:17:25","guid":{"rendered":"http:\/\/www.vs-st-kanzian.ksn.at\/?p=1259"},"modified":"2015-06-10T18:00:10","modified_gmt":"2015-06-10T16:00:10","slug":"buchempfehlungen","status":"publish","type":"post","link":"https:\/\/vs-st-kanzian.ksn.at\/?p=1259","title":{"rendered":"Buchempfehlungen"},"content":{"rendered":"<p>Als ehemalige Bibliothekarinnen unserer Schulb\u00fccherei besch\u00e4ftigten wir uns nat\u00fcrlich intensiv mit Kinderliteratur. Als wir gefragt wurden, ob wir empfehlenswerte Kinderb\u00fccher in Radiosendungen vorstellen w\u00fcrden, sagten wir gleich zu, und so finden Sie hier zum Nachh\u00f6ren Besprechungen von Klassikern, vor allem aber von Neuerscheinungen in der Kinder- und Jugendliteratur.<\/p>\n<p>Aufgenommen werden die Sendungen von <strong><a href=\"http:\/\/agora.at\/\">radio AGORA 105,5<\/a><\/strong>, gesendet werden sie auch von <strong><a href=\"http:\/\/www.freequenns.at\/\" target=\"_blank\">Radio FREEQUENNS<\/a> Das freie Radio im Ennstal<\/strong>, Liezen.<\/p>\n<p>&nbsp;<\/p>\n<p style=\"text-align: center;\"><img loading=\"lazy\" decoding=\"async\" class=\"alignleft wp-image-2135 size-full\" src=\"https:\/\/vs-st-kanzian.ksn.at\/wp-content\/uploads\/2014\/10\/ruch_katschnig.jpg\" alt=\"ruch_katschnig\" width=\"200\" height=\"133\" \/><span style=\"font-size: 12pt;\"><em>Mein Kopf ist wie ein Haus<\/em><\/span><br \/>\n<span style=\"font-size: 12pt;\"><em> mit siebentausend R\u00e4umen.<\/em><\/span><br \/>\n<span style=\"font-size: 12pt;\"><em> Und jeder Raum ist voll<\/em><\/span><br \/>\n<span style=\"font-size: 12pt;\"><em> mit siebentausend Tr\u00e4umen.<\/em><\/span><br \/>\n<span style=\"font-size: 8pt;\">Martin Auer<\/span><\/p>\n<p>&nbsp;<\/p>\n<p><span style=\"font-size: 10pt;\"><strong>ZU DEN RADIOSENDUNGEN<\/strong><\/span><br \/>\n<a href=\"http:\/\/cba.fro.at\/68620\" target=\"_blank\">Neuerscheinungen 2012<\/a>\u00a0 \u2663\u00a0 <a href=\"http:\/\/cba.fro.at\/105656\" target=\"_blank\">Bilderb\u00fccher<\/a>\u00a0 \u2663\u00a0 <a href=\"http:\/\/cba.fro.at\/107554\" target=\"_blank\">90 Jahre Verlag Jungbrunnen\u00a0<\/a> \u2663\u00a0 <a href=\"http:\/\/cba.fro.at\/253136\" target=\"_blank\">B\u00fccher f\u00fcr das Osternest<\/a>\u00a0 \u2663\u00a0 <a href=\"http:\/\/cba.fro.at\/244555\" target=\"_blank\">B\u00fccher f\u00fcr den Sommer 2013<\/a>\u00a0 \u2663\u00a0 <a href=\"http:\/\/cba.fro.at\/251225\" target=\"_blank\">B\u00fccher f\u00fcr Weihnachten 2013<\/a>\u00a0 \u2663\u00a0 <a href=\"http:\/\/cba.fro.at\/253042\" target=\"_blank\">Neuerscheinungen im Herbst 2013 &#8211; Teil 1<\/a>\u00a0 \u2663\u00a0\u00a0 <a href=\"http:\/\/cba.fro.at\/253726\" target=\"_blank\">Neuerscheinungen im Herbst 2013 &#8211; Teil 2<\/a><\/p>\n<p><a href=\"http:\/\/cba.fro.at\/276647\" target=\"_blank\">Neuerscheinungen im Herbst 2014<\/a> \u2663 <a href=\"https:\/\/vs-st-kanzian.ksn.at\/wp-content\/uploads\/2014\/12\/Herbstneuerscheinungen-2014.pdf\" target=\"_blank\">B\u00fccherliste <\/a><\/p>\n<p><a href=\"http:\/\/cba.fro.at\/275960\" target=\"_blank\">B\u00fccher f\u00fcr Weihnachten 2014<\/a> \u2663 <a href=\"https:\/\/vs-st-kanzian.ksn.at\/?attachment_id=2423\" target=\"_blank\">B\u00fccherliste<\/a><\/p>\n<p><a href=\"http:\/\/cba.fro.at\/289338\" target=\"_blank\">F\u00fcr euch gelesen im Juni 2015<\/a> \u2663 <a href=\"https:\/\/vs-st-kanzian.ksn.at\/wp-content\/uploads\/2015\/06\/Buecherliste_Juni_-2015.doc\" target=\"_blank\">B\u00fccherliste<\/a><\/p>\n<p>&nbsp;<\/p>\n","protected":false},"excerpt":{"rendered":"<p>Als ehemalige Bibliothekarinnen unserer Schulb\u00fccherei besch\u00e4ftigten wir uns nat\u00fcrlich intensiv mit Kinderliteratur. Als wir gefragt wurden, ob wir empfehlenswerte Kinderb\u00fccher in Radiosendungen vorstellen w\u00fcrden, sagten wir gleich zu, und so finden Sie hier zum Nachh\u00f6ren Besprechungen von Klassikern, vor allem<\/p>\n","protected":false},"author":1,"featured_media":462,"comment_status":"closed","ping_status":"open","sticky":false,"template":"","format":"standard","meta":{"footnotes":""},"categories":[22],"tags":[],"class_list":["post-1259","post","type-post","status-publish","format-standard","has-post-thumbnail","hentry","category-buchstart"],"_links":{"self":[{"href":"https:\/\/vs-st-kanzian.ksn.at\/index.php?rest_route=\/wp\/v2\/posts\/1259","targetHints":{"allow":["GET"]}}],"collection":[{"href":"https:\/\/vs-st-kanzian.ksn.at\/index.php?rest_route=\/wp\/v2\/posts"}],"about":[{"href":"https:\/\/vs-st-kanzian.ksn.at\/index.php?rest_route=\/wp\/v2\/types\/post"}],"author":[{"embeddable":true,"href":"https:\/\/vs-st-kanzian.ksn.at\/index.php?rest_route=\/wp\/v2\/users\/1"}],"replies":[{"embeddable":true,"href":"https:\/\/vs-st-kanzian.ksn.at\/index.php?rest_route=%2Fwp%2Fv2%2Fcomments&post=1259"}],"version-history":[{"count":38,"href":"https:\/\/vs-st-kanzian.ksn.at\/index.php?rest_route=\/wp\/v2\/posts\/1259\/revisions"}],"predecessor-version":[{"id":3092,"href":"https:\/\/vs-st-kanzian.ksn.at\/index.php?rest_route=\/wp\/v2\/posts\/1259\/revisions\/3092"}],"wp:featuredmedia":[{"embeddable":true,"href":"https:\/\/vs-st-kanzian.ksn.at\/index.php?rest_route=\/wp\/v2\/media\/462"}],"wp:attachment":[{"href":"https:\/\/vs-st-kanzian.ksn.at\/index.php?rest_route=%2Fwp%2Fv2%2Fmedia&parent=1259"}],"wp:term":[{"taxonomy":"category","embeddable":true,"href":"https:\/\/vs-st-kanzian.ksn.at\/index.php?rest_route=%2Fwp%2Fv2%2Fcategories&post=1259"},{"taxonomy":"post_tag","embeddable":true,"href":"https:\/\/vs-st-kanzian.ksn.at\/index.php?rest_route=%2Fwp%2Fv2%2Ftags&post=1259"}],"curies":[{"name":"wp","href":"https:\/\/api.w.org\/{rel}","templated":true}]}}