{"id":1449,"date":"2014-09-27T17:20:06","date_gmt":"2014-09-27T15:20:06","guid":{"rendered":"http:\/\/www.vs-st-kanzian.ksn.at\/?p=1449"},"modified":"2024-09-20T14:17:56","modified_gmt":"2024-09-20T12:17:56","slug":"vst-laas-kinderlauffestival","status":"publish","type":"post","link":"https:\/\/vs-st-kanzian.ksn.at\/?p=1449","title":{"rendered":"VST &#8211; LAAS &#8211; Kinderlauffestival"},"content":{"rendered":"<p>Am 19. September 2014 fand in V\u00f6lkermarkt das zweite Kinder- und Jugendlauffestival statt.<br \/>\n<img loading=\"lazy\" decoding=\"async\" class=\"size-full wp-image-1450 alignleft\" src=\"https:\/\/vs-st-kanzian.ksn.at\/wp-content\/uploads\/2014\/09\/smileysport1.gif\" alt=\"smileysport1\" width=\"110\" height=\"93\" \/><\/p>\n<p>&nbsp;<\/p>\n<p>Zwanzig Sch\u00fclerinnen und Sch\u00fcler konnten f\u00fcr die VS St. Kanzian hervorragende Ergebnisse erzielen!<br \/>\n<strong>U10 \u2013 Sch\u00fcler \/ 600Meter<\/strong><\/p>\n<p style=\"padding-left: 60px;\"><span style=\"font-size: 12pt;\">1. Opetnik Alexander<\/span><\/p>\n<p><strong>U10 \u2013 Sch\u00fclerinnen \/ 600 Meter<\/strong><\/p>\n<p style=\"padding-left: 60px;\"><span style=\"font-size: 12pt;\">2. Keuschnig Celine<\/span><\/p>\n<p><strong>U12 \u2013 Sch\u00fcler \/ 900 Meter<\/strong><\/p>\n<p style=\"padding-left: 60px;\"><span style=\"font-size: 12pt;\">3. Hafner Sebastian<\/span><\/p>\n<p>Die<strong> Schul- und Klassenwertung U10<\/strong> konnte die <span style=\"font-size: 12pt;\">4b Klasse<\/span> unserer Schule f\u00fcr sich entscheiden:<\/p>\n<p><span style=\"font-size: 12pt;\">Alexander Opetnik, Nico Kristan, Dominik Mlinar, Celine Keuschnig,<br \/>\nAngelina Edlinger, Adela Zizlavska<\/span><\/p>\n<p>Die Siegerklasse 4b gewann einen Schitag auf dem Klippitzt\u00f6rl!<\/p>\n<p><a title=\"14\/15 VST Lauf\" href=\"https:\/\/www.flickr.com\/photos\/100149004@N08\/albums\/72157647629696089\" data-flickr-embed=\"true\"><img loading=\"lazy\" decoding=\"async\" class=\"aligncenter\" src=\"https:\/\/farm4.staticflickr.com\/3878\/15334579736_1305de607d_z.jpg\" alt=\"14\/15 VST Lauf\" width=\"640\" height=\"480\" \/><\/a><script async src=\"\/\/embedr.flickr.com\/assets\/client-code.js\" charset=\"utf-8\"><\/script><\/p>\n<p><img loading=\"lazy\" decoding=\"async\" class=\"size-full wp-image-1451 alignleft\" src=\"https:\/\/vs-st-kanzian.ksn.at\/wp-content\/uploads\/2014\/09\/smileysport3.gif\" alt=\"smileysport3\" width=\"87\" height=\"32\" \/><\/p>\n<p><strong>\u00a0\u00a0\u00a0 \u00a0<\/strong><\/p>\n<p>&nbsp;<\/p>\n<p><strong>Herzliche Gratulation an alle teilnehmenden Sch\u00fclerinnen und Sch\u00fcler!\u00a0<\/strong><\/p>\n<p><a href=\"https:\/\/www.flickr.com\/photos\/100149004@N08\/sets\/\" target=\"_blank\" rel=\"noopener\">ALLE ALBEN<\/a><\/p>\n","protected":false},"excerpt":{"rendered":"<p>Am 19. September 2014 fand in V\u00f6lkermarkt das zweite Kinder- und Jugendlauffestival statt. &nbsp; Zwanzig Sch\u00fclerinnen und Sch\u00fcler konnten f\u00fcr die VS St. Kanzian hervorragende Ergebnisse erzielen! U10 \u2013 Sch\u00fcler \/ 600Meter 1. Opetnik Alexander U10 \u2013 Sch\u00fclerinnen \/ 600<\/p>\n","protected":false},"author":1,"featured_media":1452,"comment_status":"closed","ping_status":"open","sticky":false,"template":"","format":"standard","meta":{"footnotes":""},"categories":[275,21,277],"tags":[],"class_list":["post-1449","post","type-post","status-publish","format-standard","has-post-thumbnail","hentry","category-gesundheit-macht-schule","category-wir-alle-machten-mit-2014-15","category-schuljahr-2014-15"],"_links":{"self":[{"href":"https:\/\/vs-st-kanzian.ksn.at\/index.php?rest_route=\/wp\/v2\/posts\/1449","targetHints":{"allow":["GET"]}}],"collection":[{"href":"https:\/\/vs-st-kanzian.ksn.at\/index.php?rest_route=\/wp\/v2\/posts"}],"about":[{"href":"https:\/\/vs-st-kanzian.ksn.at\/index.php?rest_route=\/wp\/v2\/types\/post"}],"author":[{"embeddable":true,"href":"https:\/\/vs-st-kanzian.ksn.at\/index.php?rest_route=\/wp\/v2\/users\/1"}],"replies":[{"embeddable":true,"href":"https:\/\/vs-st-kanzian.ksn.at\/index.php?rest_route=%2Fwp%2Fv2%2Fcomments&post=1449"}],"version-history":[{"count":17,"href":"https:\/\/vs-st-kanzian.ksn.at\/index.php?rest_route=\/wp\/v2\/posts\/1449\/revisions"}],"predecessor-version":[{"id":9689,"href":"https:\/\/vs-st-kanzian.ksn.at\/index.php?rest_route=\/wp\/v2\/posts\/1449\/revisions\/9689"}],"wp:featuredmedia":[{"embeddable":true,"href":"https:\/\/vs-st-kanzian.ksn.at\/index.php?rest_route=\/wp\/v2\/media\/1452"}],"wp:attachment":[{"href":"https:\/\/vs-st-kanzian.ksn.at\/index.php?rest_route=%2Fwp%2Fv2%2Fmedia&parent=1449"}],"wp:term":[{"taxonomy":"category","embeddable":true,"href":"https:\/\/vs-st-kanzian.ksn.at\/index.php?rest_route=%2Fwp%2Fv2%2Fcategories&post=1449"},{"taxonomy":"post_tag","embeddable":true,"href":"https:\/\/vs-st-kanzian.ksn.at\/index.php?rest_route=%2Fwp%2Fv2%2Ftags&post=1449"}],"curies":[{"name":"wp","href":"https:\/\/api.w.org\/{rel}","templated":true}]}}