{"id":2410,"date":"2014-12-19T09:47:58","date_gmt":"2014-12-19T07:47:58","guid":{"rendered":"http:\/\/www.vs-st-kanzian.ksn.at\/?p=2410"},"modified":"2015-01-14T20:09:05","modified_gmt":"2015-01-14T18:09:05","slug":"der-weihnachtsstern","status":"publish","type":"post","link":"https:\/\/vs-st-kanzian.ksn.at\/?p=2410","title":{"rendered":"Der Weihnachtsstern"},"content":{"rendered":"<p>Mit dem Singspiel <strong><em>&#8222;Der Weihnachtsstern&#8220;<\/em><\/strong> von Marcus Pfister und Detlev J\u00f6cker bescherten die Kinder der VS St. Kanzian den vielen Besuchern einen wunderbaren Adventabend im K3. Unter der Gesamtleitung von Erika Offner folgten Hirten, K\u00f6nige, Tiere und Kinder dem Stern, um an der Krippe im Stall von Betlehem das neugeborene Jesuskind zu beschenken und in einem beeindruckenden Schlusslied die Sehnsucht nach dem Frieden kundzutun.<\/p>\n<p>Begeisterter Applaus f\u00fcr die ausgezeichneten Schauspieler und S\u00e4nger!<br \/>\n<strong>Ein gro\u00dfes Dankesch\u00f6n an die Eltern der Sch\u00fcler der vierten Klassen f\u00fcr das ausgezeichnete Buffet und f\u00fcr die Getr\u00e4nke!<\/strong><\/p>\n<div style=\"position: relative; padding-bottom: 101%; height: 0; overflow: hidden;\"><iframe loading=\"lazy\" id=\"iframe\" style=\"width: 100%; height: 100%; position: absolute; top: 0; left: 0;\" src=\"http:\/\/www.flickrit.com\/slideshowholder.php?height=100&amp;size=big&amp;setId=72157649414989409&amp;theme=1&amp;thumbnails=2&amp;transition=0&amp;layoutType=responsive&amp;sort=0\" width=\"300\" height=\"150\" frameborder=\"0\" scrolling=\"no\"><\/iframe><\/div>\n<p>Besucht auch die Seite des K3!<br \/>\nIhr findet dort <a href=\"http:\/\/www.diek3.info\/index.php?id=40\" target=\"_blank\">viele sch\u00f6ne Fotos<\/a>, die Herr Reinhold Starc gemacht hat.<\/p>\n<p><a href=\"https:\/\/www.flickr.com\/photos\/100149004@N08\/sets\/\" target=\"_blank\">ALLE ALBEN<\/a><\/p>\n","protected":false},"excerpt":{"rendered":"<p>Mit dem Singspiel &#8222;Der Weihnachtsstern&#8220; von Marcus Pfister und Detlev J\u00f6cker bescherten die Kinder der VS St. Kanzian den vielen Besuchern einen wunderbaren Adventabend im K3. Unter der Gesamtleitung von Erika Offner folgten Hirten, K\u00f6nige, Tiere und Kinder dem Stern,<\/p>\n","protected":false},"author":1,"featured_media":2418,"comment_status":"closed","ping_status":"open","sticky":false,"template":"","format":"standard","meta":{"footnotes":""},"categories":[21],"tags":[],"class_list":["post-2410","post","type-post","status-publish","format-standard","has-post-thumbnail","hentry","category-wir-alle-machten-mit-2014-15"],"_links":{"self":[{"href":"https:\/\/vs-st-kanzian.ksn.at\/index.php?rest_route=\/wp\/v2\/posts\/2410","targetHints":{"allow":["GET"]}}],"collection":[{"href":"https:\/\/vs-st-kanzian.ksn.at\/index.php?rest_route=\/wp\/v2\/posts"}],"about":[{"href":"https:\/\/vs-st-kanzian.ksn.at\/index.php?rest_route=\/wp\/v2\/types\/post"}],"author":[{"embeddable":true,"href":"https:\/\/vs-st-kanzian.ksn.at\/index.php?rest_route=\/wp\/v2\/users\/1"}],"replies":[{"embeddable":true,"href":"https:\/\/vs-st-kanzian.ksn.at\/index.php?rest_route=%2Fwp%2Fv2%2Fcomments&post=2410"}],"version-history":[{"count":12,"href":"https:\/\/vs-st-kanzian.ksn.at\/index.php?rest_route=\/wp\/v2\/posts\/2410\/revisions"}],"predecessor-version":[{"id":2479,"href":"https:\/\/vs-st-kanzian.ksn.at\/index.php?rest_route=\/wp\/v2\/posts\/2410\/revisions\/2479"}],"wp:featuredmedia":[{"embeddable":true,"href":"https:\/\/vs-st-kanzian.ksn.at\/index.php?rest_route=\/wp\/v2\/media\/2418"}],"wp:attachment":[{"href":"https:\/\/vs-st-kanzian.ksn.at\/index.php?rest_route=%2Fwp%2Fv2%2Fmedia&parent=2410"}],"wp:term":[{"taxonomy":"category","embeddable":true,"href":"https:\/\/vs-st-kanzian.ksn.at\/index.php?rest_route=%2Fwp%2Fv2%2Fcategories&post=2410"},{"taxonomy":"post_tag","embeddable":true,"href":"https:\/\/vs-st-kanzian.ksn.at\/index.php?rest_route=%2Fwp%2Fv2%2Ftags&post=2410"}],"curies":[{"name":"wp","href":"https:\/\/api.w.org\/{rel}","templated":true}]}}