{"id":2531,"date":"2015-02-02T13:07:20","date_gmt":"2015-02-02T11:07:20","guid":{"rendered":"http:\/\/www.vs-st-kanzian.ksn.at\/?p=2531"},"modified":"2023-02-07T18:06:02","modified_gmt":"2023-02-07T16:06:02","slug":"striezelwerfen","status":"publish","type":"post","link":"https:\/\/vs-st-kanzian.ksn.at\/?p=2531","title":{"rendered":"Striezelwerfen"},"content":{"rendered":"<p><span style=\"color: #000000; font-family: Calibri;\">\u00a0<\/span><span style=\"font-family: Calibri;\"><span style=\"color: #000000;\">Das <\/span><strong><span style=\"color: #000000;\">Striezelwerfen<\/span><\/strong><span style=\"color: #000000;\"> geht auf die <\/span><strong><span style=\"color: #000000;\">hl. Hildegard von Stein<\/span><\/strong><\/span><span style=\"color: #000000; font-family: Calibri;\"> zur\u00fcck, die als Wohlt\u00e4terin in Unterk\u00e4rnten sehr verehrt wird.<br \/>\n<\/span><span style=\"color: #000000; font-family: Calibri;\"> Herr Jen\u0161ac bereitete die Erstkommunionkinder auf diesen christlichen Brauch <\/span><span style=\"font-family: Calibri;\"><span style=\"color: #000000;\">vor.<br \/>\nSchlie\u00dflich backte die Klasse unter der fachm\u00e4nnischen Anleitung von Frau Urak k\u00f6stliche Striezel, die dann Herr Pfarrer Isop segnete.<br \/>\n<\/span><span style=\"color: #000000;\"> Die Striezel sollen vor Krankheiten sch\u00fctzen und Segen bringen.<br \/>\n<span style=\"color: #000000; font-family: Calibri;\">Sveta Liharda Kamenska je zelo priljubljena na Koro\u0161kem. Imajo jo za \u201emilo mati\u201c, ki je pomagala vsepovsod. Pokopana je v cerkvi na Kamnu. Tam je tudi napis \u201eSveta Liharda, prosi za nas.\u201c<\/span><\/span><\/span><!--more--><br \/>\n<a href=\"https:\/\/www.flickr.com\/photos\/100149004@N08\/sets\/\" target=\"_blank\" rel=\"noopener\">ALLE ALBEN<\/a><\/p>\n<p>&nbsp;<\/p>\n","protected":false},"excerpt":{"rendered":"<p>\u00a0Das Striezelwerfen geht auf die hl. Hildegard von Stein zur\u00fcck, die als Wohlt\u00e4terin in Unterk\u00e4rnten sehr verehrt wird. Herr Jen\u0161ac bereitete die Erstkommunionkinder auf diesen christlichen Brauch vor. Schlie\u00dflich backte die Klasse unter der fachm\u00e4nnischen Anleitung von Frau Urak k\u00f6stliche<\/p>\n","protected":false},"author":3,"featured_media":2548,"comment_status":"closed","ping_status":"open","sticky":false,"template":"","format":"standard","meta":{"footnotes":""},"categories":[16],"tags":[],"class_list":["post-2531","post","type-post","status-publish","format-standard","has-post-thumbnail","hentry","category-beitraege-der-3a-14-15"],"_links":{"self":[{"href":"https:\/\/vs-st-kanzian.ksn.at\/index.php?rest_route=\/wp\/v2\/posts\/2531","targetHints":{"allow":["GET"]}}],"collection":[{"href":"https:\/\/vs-st-kanzian.ksn.at\/index.php?rest_route=\/wp\/v2\/posts"}],"about":[{"href":"https:\/\/vs-st-kanzian.ksn.at\/index.php?rest_route=\/wp\/v2\/types\/post"}],"author":[{"embeddable":true,"href":"https:\/\/vs-st-kanzian.ksn.at\/index.php?rest_route=\/wp\/v2\/users\/3"}],"replies":[{"embeddable":true,"href":"https:\/\/vs-st-kanzian.ksn.at\/index.php?rest_route=%2Fwp%2Fv2%2Fcomments&post=2531"}],"version-history":[{"count":9,"href":"https:\/\/vs-st-kanzian.ksn.at\/index.php?rest_route=\/wp\/v2\/posts\/2531\/revisions"}],"predecessor-version":[{"id":14811,"href":"https:\/\/vs-st-kanzian.ksn.at\/index.php?rest_route=\/wp\/v2\/posts\/2531\/revisions\/14811"}],"wp:featuredmedia":[{"embeddable":true,"href":"https:\/\/vs-st-kanzian.ksn.at\/index.php?rest_route=\/wp\/v2\/media\/2548"}],"wp:attachment":[{"href":"https:\/\/vs-st-kanzian.ksn.at\/index.php?rest_route=%2Fwp%2Fv2%2Fmedia&parent=2531"}],"wp:term":[{"taxonomy":"category","embeddable":true,"href":"https:\/\/vs-st-kanzian.ksn.at\/index.php?rest_route=%2Fwp%2Fv2%2Fcategories&post=2531"},{"taxonomy":"post_tag","embeddable":true,"href":"https:\/\/vs-st-kanzian.ksn.at\/index.php?rest_route=%2Fwp%2Fv2%2Ftags&post=2531"}],"curies":[{"name":"wp","href":"https:\/\/api.w.org\/{rel}","templated":true}]}}