{"id":2758,"date":"2015-03-03T12:18:30","date_gmt":"2015-03-03T10:18:30","guid":{"rendered":"http:\/\/www.vs-st-kanzian.ksn.at\/?p=2758"},"modified":"2015-03-03T12:18:30","modified_gmt":"2015-03-03T10:18:30","slug":"schitag-am-klippitztoerl","status":"publish","type":"post","link":"https:\/\/vs-st-kanzian.ksn.at\/?p=2758","title":{"rendered":"Schitag am Klippitzt\u00f6rl"},"content":{"rendered":"<p>Am Donnerstag, den 26. 02. 2015, konnten wir endlich den Preis, den ein paar Sch\u00fclerinnen und Sch\u00fcler unserer Klasse beim 2. V\u00f6lkermarkter Kinder- und Jugendlauffestival am 19. 09. 2014 gewonnen haben, einl\u00f6sen.<br \/>\nUm 8.00 Uhr fuhren wir bei sch\u00f6nstem Wetter mit dem Bus auf das Klippitzt\u00f6rl und kamen erst um 16.00 Uhr wieder nach St. Kanzian zur\u00fcck. Das Schifahren machte so gro\u00dfen Spa\u00df, dass wir auf die zweite Pause verzichteten. Unser Herr Direktor brachte Alexander in nur wenigen Stunden das\u00a0Schifahren bei.<br \/>\nWir freuen uns schon riesig auf unseren Schikurs auf der Weinebene, der vom 10. 03. &#8211; 12. 03. 2015 dort stattfinden wird.<\/p>\n<div style=\"position: relative; padding-bottom: 101%; height: 0; overflow: hidden;\"><iframe loading=\"lazy\" id=\"iframe\" style=\"width: 100%; height: 100%; position: absolute; top: 0; left: 0;\" src=\"http:\/\/www.flickrit.com\/slideshowholder.php?height=100&amp;size=big&amp;setId=72157651130829335&amp;theme=1&amp;thumbnails=2&amp;transition=0&amp;layoutType=responsive&amp;sort=0\" width=\"300\" height=\"150\" frameborder=\"0\" scrolling=\"no\"><\/iframe><\/div>\n<p><a href=\"https:\/\/www.flickr.com\/photos\/100149004@N08\/sets\/\" target=\"_blank\">ALLE ALBEN<\/a><\/p>\n","protected":false},"excerpt":{"rendered":"<p>Am Donnerstag, den 26. 02. 2015, konnten wir endlich den Preis, den ein paar Sch\u00fclerinnen und Sch\u00fcler unserer Klasse beim 2. V\u00f6lkermarkter Kinder- und Jugendlauffestival am 19. 09. 2014 gewonnen haben, einl\u00f6sen. Um 8.00 Uhr fuhren wir bei sch\u00f6nstem Wetter<\/p>\n","protected":false},"author":3,"featured_media":2763,"comment_status":"closed","ping_status":"open","sticky":false,"template":"","format":"standard","meta":{"footnotes":""},"categories":[19],"tags":[],"class_list":["post-2758","post","type-post","status-publish","format-standard","has-post-thumbnail","hentry","category-beitraege-der-4b-14-15"],"_links":{"self":[{"href":"https:\/\/vs-st-kanzian.ksn.at\/index.php?rest_route=\/wp\/v2\/posts\/2758","targetHints":{"allow":["GET"]}}],"collection":[{"href":"https:\/\/vs-st-kanzian.ksn.at\/index.php?rest_route=\/wp\/v2\/posts"}],"about":[{"href":"https:\/\/vs-st-kanzian.ksn.at\/index.php?rest_route=\/wp\/v2\/types\/post"}],"author":[{"embeddable":true,"href":"https:\/\/vs-st-kanzian.ksn.at\/index.php?rest_route=\/wp\/v2\/users\/3"}],"replies":[{"embeddable":true,"href":"https:\/\/vs-st-kanzian.ksn.at\/index.php?rest_route=%2Fwp%2Fv2%2Fcomments&post=2758"}],"version-history":[{"count":4,"href":"https:\/\/vs-st-kanzian.ksn.at\/index.php?rest_route=\/wp\/v2\/posts\/2758\/revisions"}],"predecessor-version":[{"id":2764,"href":"https:\/\/vs-st-kanzian.ksn.at\/index.php?rest_route=\/wp\/v2\/posts\/2758\/revisions\/2764"}],"wp:featuredmedia":[{"embeddable":true,"href":"https:\/\/vs-st-kanzian.ksn.at\/index.php?rest_route=\/wp\/v2\/media\/2763"}],"wp:attachment":[{"href":"https:\/\/vs-st-kanzian.ksn.at\/index.php?rest_route=%2Fwp%2Fv2%2Fmedia&parent=2758"}],"wp:term":[{"taxonomy":"category","embeddable":true,"href":"https:\/\/vs-st-kanzian.ksn.at\/index.php?rest_route=%2Fwp%2Fv2%2Fcategories&post=2758"},{"taxonomy":"post_tag","embeddable":true,"href":"https:\/\/vs-st-kanzian.ksn.at\/index.php?rest_route=%2Fwp%2Fv2%2Ftags&post=2758"}],"curies":[{"name":"wp","href":"https:\/\/api.w.org\/{rel}","templated":true}]}}