{"id":3253,"date":"2015-07-09T13:25:13","date_gmt":"2015-07-09T11:25:13","guid":{"rendered":"http:\/\/www.vs-st-kanzian.ksn.at\/?p=3253"},"modified":"2024-09-20T15:55:54","modified_gmt":"2024-09-20T13:55:54","slug":"wernberg","status":"publish","type":"post","link":"https:\/\/vs-st-kanzian.ksn.at\/?p=3253","title":{"rendered":"Wernberg &#8211; 3b"},"content":{"rendered":"<p>Unsere Volksschule, die sich das \u00a0Motto \u201e FIT- AKTIV \u2013 GESUND\u201c zum Ziel gemacht hat, besuchte das Kloster in Wernberg.<br \/>\nWir nahmen am Projekt \u201eKlostererlebnistag\u201c teil.<br \/>\nDem Projektleiter Herrn Ing. Gerhard Neff, liegt das Nahebringen der Natur mit seinen wertvollen Sch\u00e4tzen sehr am Herzen. Er bereitete uns mit seinem sehr engagierten Team Christine und Birgit einen interessanten und sehr abwechslungsreichen Tag.<br \/>\n<!--more-->Wir bekamen Einblick in die Kr\u00e4uterwelt, die die Natur uns bietet. Mit Christine erlebten wir die Wanderung durch den Wald mit allen Sinnen. Beim \u00a0Rundgang auf dem Bauernhof und dem Zubereiten von Kr\u00e4utersalz mit Birgit waren die Kinder mit gro\u00dfem Engagement dabei. Mit Spielen und Grillen ging ein Tag zu Ende, den wir unbedingt weiterempfehlen m\u00f6chten.<\/p>\n<p>Herzlichen Dank dem Team Mag. Christine Schmied, Mag. Birgit R\u00f6ssler und Ing. Gerhard Neff.<br \/>\nDer Erlebnistag im Kloster Wernberg bildete einen kr\u00f6nenden Abschluss des heurigen Schuljahres.<br \/>\nSch\u00fcler\/innen und Lehrerinnen der 4b und 3b aus der VS-St. Kanzian am Klopeiner See.<\/p>\n<p><a data-flickr-embed=\"true\" href=\"https:\/\/www.flickr.com\/photos\/100149004@N08\/albums\/72157655659832915\" title=\"14\/15 Wernberg 3b\"><img loading=\"lazy\" decoding=\"async\" src=\"https:\/\/live.staticflickr.com\/269\/18923742844_74a76d363b_c.jpg\" width=\"800\" height=\"600\" alt=\"14\/15 Wernberg 3b\"\/><\/a><script async src=\"\/\/embedr.flickr.com\/assets\/client-code.js\" charset=\"utf-8\"><\/script><br \/>\n<a href=\"https:\/\/www.flickr.com\/photos\/100149004@N08\/sets\/\" target=\"_blank\" rel=\"noopener\">ALLE ALBEN<\/a><\/p>\n","protected":false},"excerpt":{"rendered":"<p>Unsere Volksschule, die sich das \u00a0Motto \u201e FIT- AKTIV \u2013 GESUND\u201c zum Ziel gemacht hat, besuchte das Kloster in Wernberg. Wir nahmen am Projekt \u201eKlostererlebnistag\u201c teil. Dem Projektleiter Herrn Ing. Gerhard Neff, liegt das Nahebringen der Natur mit seinen wertvollen<\/p>\n","protected":false},"author":3,"featured_media":3260,"comment_status":"closed","ping_status":"open","sticky":false,"template":"","format":"standard","meta":{"footnotes":""},"categories":[275,17,277,182],"tags":[],"class_list":["post-3253","post","type-post","status-publish","format-standard","has-post-thumbnail","hentry","category-gesundheit-macht-schule","category-beitraege-der-3b-14-15","category-schuljahr-2014-15","category-klassen-2014-15"],"_links":{"self":[{"href":"https:\/\/vs-st-kanzian.ksn.at\/index.php?rest_route=\/wp\/v2\/posts\/3253","targetHints":{"allow":["GET"]}}],"collection":[{"href":"https:\/\/vs-st-kanzian.ksn.at\/index.php?rest_route=\/wp\/v2\/posts"}],"about":[{"href":"https:\/\/vs-st-kanzian.ksn.at\/index.php?rest_route=\/wp\/v2\/types\/post"}],"author":[{"embeddable":true,"href":"https:\/\/vs-st-kanzian.ksn.at\/index.php?rest_route=\/wp\/v2\/users\/3"}],"replies":[{"embeddable":true,"href":"https:\/\/vs-st-kanzian.ksn.at\/index.php?rest_route=%2Fwp%2Fv2%2Fcomments&post=3253"}],"version-history":[{"count":8,"href":"https:\/\/vs-st-kanzian.ksn.at\/index.php?rest_route=\/wp\/v2\/posts\/3253\/revisions"}],"predecessor-version":[{"id":17321,"href":"https:\/\/vs-st-kanzian.ksn.at\/index.php?rest_route=\/wp\/v2\/posts\/3253\/revisions\/17321"}],"wp:featuredmedia":[{"embeddable":true,"href":"https:\/\/vs-st-kanzian.ksn.at\/index.php?rest_route=\/wp\/v2\/media\/3260"}],"wp:attachment":[{"href":"https:\/\/vs-st-kanzian.ksn.at\/index.php?rest_route=%2Fwp%2Fv2%2Fmedia&parent=3253"}],"wp:term":[{"taxonomy":"category","embeddable":true,"href":"https:\/\/vs-st-kanzian.ksn.at\/index.php?rest_route=%2Fwp%2Fv2%2Fcategories&post=3253"},{"taxonomy":"post_tag","embeddable":true,"href":"https:\/\/vs-st-kanzian.ksn.at\/index.php?rest_route=%2Fwp%2Fv2%2Ftags&post=3253"}],"curies":[{"name":"wp","href":"https:\/\/api.w.org\/{rel}","templated":true}]}}