{"id":3285,"date":"2015-07-13T12:49:10","date_gmt":"2015-07-13T10:49:10","guid":{"rendered":"http:\/\/www.vs-st-kanzian.ksn.at\/?p=3285"},"modified":"2024-09-27T18:27:25","modified_gmt":"2024-09-27T16:27:25","slug":"motorikpark-eroeffnung","status":"publish","type":"post","link":"https:\/\/vs-st-kanzian.ksn.at\/?p=3285","title":{"rendered":"Bewegungsparcour &#8211; Er\u00f6ffnung"},"content":{"rendered":"<p>Am Vormittag des 6. Juli 2015 fand im Schulhof die offizielle Er\u00f6ffnung unseres Bewegungsparcours statt. Herr Kummer konnte B\u00fcrgermeister Thomas Krainz, die Vizeb\u00fcrgermeister Oskar Preinig und Alois Lach sowie die Gemeinder\u00e4tin Bernadette Rabl begr\u00fc\u00dfen. Auch Frau Pflichtschulinspektorin Jovita Trummer lie\u00df sich einen Besuch nicht nehmen. Im Anschluss an die Feierlichkeit sorgte das Artistenpaar Dido und Beatrice f\u00fcr tolle Unterhaltung. <!--more-->F\u00fcr eine k\u00f6stliche und gesunde Jause sorgte der Biobauernhof \u010cik. Einzig und allein die hei\u00dfen Temperaturen tr\u00fcbten den so gelungenen Vormittag.<br \/>\nEin gro\u00dfes Dankesch\u00f6n gilt noch einmal der Gemeinde St. Kanzian f\u00fcr die Errichtung und Finanzierung unseres Bewegungsparkours!<\/p>\n<p><a title=\"14\/15 Motorikparker\u00f6ffnung\" href=\"https:\/\/www.flickr.com\/photos\/100149004@N08\/albums\/72157655542117762\" data-flickr-embed=\"true\"><img loading=\"lazy\" decoding=\"async\" class=\"aligncenter\" src=\"https:\/\/farm1.staticflickr.com\/316\/19301204279_4c1d2884df_o.jpg\" alt=\"14\/15 Motorikparker\u00f6ffnung\" width=\"4608\" height=\"3456\" \/><\/a><script async src=\"\/\/embedr.flickr.com\/assets\/client-code.js\" charset=\"utf-8\"><\/script><br \/>\n<a href=\"https:\/\/www.flickr.com\/photos\/100149004@N08\/sets\/\" target=\"_blank\" rel=\"noopener\">ALLE ALBEN<\/a><\/p>\n","protected":false},"excerpt":{"rendered":"<p>Am Vormittag des 6. Juli 2015 fand im Schulhof die offizielle Er\u00f6ffnung unseres Bewegungsparcours statt. Herr Kummer konnte B\u00fcrgermeister Thomas Krainz, die Vizeb\u00fcrgermeister Oskar Preinig und Alois Lach sowie die Gemeinder\u00e4tin Bernadette Rabl begr\u00fc\u00dfen. Auch Frau Pflichtschulinspektorin Jovita Trummer lie\u00df<\/p>\n","protected":false},"author":1,"featured_media":3291,"comment_status":"closed","ping_status":"open","sticky":false,"template":"","format":"standard","meta":{"footnotes":""},"categories":[275,21,277],"tags":[],"class_list":["post-3285","post","type-post","status-publish","format-standard","has-post-thumbnail","hentry","category-gesundheit-macht-schule","category-wir-alle-machten-mit-2014-15","category-schuljahr-2014-15"],"_links":{"self":[{"href":"https:\/\/vs-st-kanzian.ksn.at\/index.php?rest_route=\/wp\/v2\/posts\/3285","targetHints":{"allow":["GET"]}}],"collection":[{"href":"https:\/\/vs-st-kanzian.ksn.at\/index.php?rest_route=\/wp\/v2\/posts"}],"about":[{"href":"https:\/\/vs-st-kanzian.ksn.at\/index.php?rest_route=\/wp\/v2\/types\/post"}],"author":[{"embeddable":true,"href":"https:\/\/vs-st-kanzian.ksn.at\/index.php?rest_route=\/wp\/v2\/users\/1"}],"replies":[{"embeddable":true,"href":"https:\/\/vs-st-kanzian.ksn.at\/index.php?rest_route=%2Fwp%2Fv2%2Fcomments&post=3285"}],"version-history":[{"count":10,"href":"https:\/\/vs-st-kanzian.ksn.at\/index.php?rest_route=\/wp\/v2\/posts\/3285\/revisions"}],"predecessor-version":[{"id":17499,"href":"https:\/\/vs-st-kanzian.ksn.at\/index.php?rest_route=\/wp\/v2\/posts\/3285\/revisions\/17499"}],"wp:featuredmedia":[{"embeddable":true,"href":"https:\/\/vs-st-kanzian.ksn.at\/index.php?rest_route=\/wp\/v2\/media\/3291"}],"wp:attachment":[{"href":"https:\/\/vs-st-kanzian.ksn.at\/index.php?rest_route=%2Fwp%2Fv2%2Fmedia&parent=3285"}],"wp:term":[{"taxonomy":"category","embeddable":true,"href":"https:\/\/vs-st-kanzian.ksn.at\/index.php?rest_route=%2Fwp%2Fv2%2Fcategories&post=3285"},{"taxonomy":"post_tag","embeddable":true,"href":"https:\/\/vs-st-kanzian.ksn.at\/index.php?rest_route=%2Fwp%2Fv2%2Ftags&post=3285"}],"curies":[{"name":"wp","href":"https:\/\/api.w.org\/{rel}","templated":true}]}}