{"id":4487,"date":"2016-02-20T17:55:16","date_gmt":"2016-02-20T15:55:16","guid":{"rendered":"http:\/\/www.vs-st-kanzian.ksn.at\/?p=4487"},"modified":"2018-11-24T21:03:14","modified_gmt":"2018-11-24T19:03:14","slug":"prinz-franz-total-verliebt","status":"publish","type":"post","link":"https:\/\/vs-st-kanzian.ksn.at\/?p=4487","title":{"rendered":"Prinz Franz total verliebt"},"content":{"rendered":"<p>Schaf Franz, des Alleinseins m\u00fcde, sucht ein liebenswertes Schaffr\u00e4ulein zum Heiraten. Er hisst eine Fahne mit der Aufschrift: &#8222;Franz sucht dringend Frau zum Lieben!&#8220;<br \/>\nDie vier Schnuckies machen sich besonders h\u00fcbsch, jede der Schafdamen glaubt, sie w\u00e4re die Sch\u00f6nste und der fesche Franz w\u00fcrde sie erw\u00e4hlen.\u00a0 Der aber sieht sie gar nicht, denn er ist schrecklich weitsichtig, ziemlich eitel und setzt deshalb selten seine Brille auf.<br \/>\nAuf der Beerenwiese h\u00f6rt er Gerda, ein pummeliges Schafm\u00e4dchen lachen, und schon ist es um die beiden geschehen. Sie verlieben sich ineinander und wollen gleich am n\u00e4chsten Sonntag heiraten.<br \/>\nDie vier Schnuckies sind entr\u00fcstet.<\/p>\n<p style=\"padding-left: 30px;\"><em>&#8222;Was?&#8220;, die Schnuckies schrien wie Raben.<\/em><br \/>\n<em>&#8222;Was hat sie, was wir nicht haben?<\/em><br \/>\n<em>Sind&#8217;s die Ohren, wie ein Hase?<\/em><br \/>\n<em>Sind&#8217;s die Flecken auf der Nase?<\/em><br \/>\n<em>Sind&#8217;s die Beine, d\u00fcnn wie Lauch?<\/em><br \/>\n<em>Ist&#8217;s ihr Schwabbelwabbelbauch?&#8220;<\/em><\/p>\n<p>Doch f\u00fcr Franz ist Gerda einfach perfekt.<\/p>\n<p style=\"padding-left: 30px;\"><em>Franz und Gerda, noch nach Jahren,<\/em><br \/>\n<em>blieben gl\u00fccklich, wie sie waren.<\/em><\/p>\n<p>Diese entz\u00fcckende Liebesgeschichte von <strong>Angelika Glitz<\/strong> und <strong>Annette Swoboda<\/strong>, erschienen im Verlag Thienemann, Stuttgart, spielten wir nat\u00fcrlich nach. Wir sangen auch Schaflieder und bastelten ein h\u00fcbsches Schaf.<\/p>\n<p><a title=\"15\/16 Prinz Franz total verliebt\" href=\"https:\/\/www.flickr.com\/photos\/100149004@N08\/albums\/72157664736089491\" data-flickr-embed=\"true\"><img loading=\"lazy\" decoding=\"async\" class=\"aligncenter\" src=\"https:\/\/farm2.staticflickr.com\/1715\/25056105871_b95ba6f294_z.jpg\" alt=\"15\/16 Prinz Franz total verliebt\" width=\"640\" height=\"427\" \/><\/a><script async src=\"\/\/embedr.flickr.com\/assets\/client-code.js\" charset=\"utf-8\"><\/script><br \/>\n<!--more--><br \/>\n<a href=\"https:\/\/www.flickr.com\/photos\/100149004@N08\/sets\/\" target=\"_blank\" rel=\"noopener\">ALLE ALBEN<\/a><\/p>\n<p>&nbsp;<\/p>\n","protected":false},"excerpt":{"rendered":"<p>Schaf Franz, des Alleinseins m\u00fcde, sucht ein liebenswertes Schaffr\u00e4ulein zum Heiraten. Er hisst eine Fahne mit der Aufschrift: &#8222;Franz sucht dringend Frau zum Lieben!&#8220; Die vier Schnuckies machen sich besonders h\u00fcbsch, jede der Schafdamen glaubt, sie w\u00e4re die Sch\u00f6nste und<\/p>\n","protected":false},"author":1,"featured_media":4491,"comment_status":"closed","ping_status":"open","sticky":false,"template":"","format":"standard","meta":{"footnotes":""},"categories":[22],"tags":[],"class_list":["post-4487","post","type-post","status-publish","format-standard","has-post-thumbnail","hentry","category-buchstart"],"_links":{"self":[{"href":"https:\/\/vs-st-kanzian.ksn.at\/index.php?rest_route=\/wp\/v2\/posts\/4487","targetHints":{"allow":["GET"]}}],"collection":[{"href":"https:\/\/vs-st-kanzian.ksn.at\/index.php?rest_route=\/wp\/v2\/posts"}],"about":[{"href":"https:\/\/vs-st-kanzian.ksn.at\/index.php?rest_route=\/wp\/v2\/types\/post"}],"author":[{"embeddable":true,"href":"https:\/\/vs-st-kanzian.ksn.at\/index.php?rest_route=\/wp\/v2\/users\/1"}],"replies":[{"embeddable":true,"href":"https:\/\/vs-st-kanzian.ksn.at\/index.php?rest_route=%2Fwp%2Fv2%2Fcomments&post=4487"}],"version-history":[{"count":7,"href":"https:\/\/vs-st-kanzian.ksn.at\/index.php?rest_route=\/wp\/v2\/posts\/4487\/revisions"}],"predecessor-version":[{"id":9733,"href":"https:\/\/vs-st-kanzian.ksn.at\/index.php?rest_route=\/wp\/v2\/posts\/4487\/revisions\/9733"}],"wp:featuredmedia":[{"embeddable":true,"href":"https:\/\/vs-st-kanzian.ksn.at\/index.php?rest_route=\/wp\/v2\/media\/4491"}],"wp:attachment":[{"href":"https:\/\/vs-st-kanzian.ksn.at\/index.php?rest_route=%2Fwp%2Fv2%2Fmedia&parent=4487"}],"wp:term":[{"taxonomy":"category","embeddable":true,"href":"https:\/\/vs-st-kanzian.ksn.at\/index.php?rest_route=%2Fwp%2Fv2%2Fcategories&post=4487"},{"taxonomy":"post_tag","embeddable":true,"href":"https:\/\/vs-st-kanzian.ksn.at\/index.php?rest_route=%2Fwp%2Fv2%2Ftags&post=4487"}],"curies":[{"name":"wp","href":"https:\/\/api.w.org\/{rel}","templated":true}]}}