{"id":4506,"date":"2016-02-24T15:11:30","date_gmt":"2016-02-24T13:11:30","guid":{"rendered":"http:\/\/www.vs-st-kanzian.ksn.at\/?p=4506"},"modified":"2017-10-16T18:46:07","modified_gmt":"2017-10-16T16:46:07","slug":"schitage-der-1-und-2-klassen","status":"publish","type":"post","link":"https:\/\/vs-st-kanzian.ksn.at\/?p=4506","title":{"rendered":"Schitage der 1. und 2. Klassen"},"content":{"rendered":"<p>Die Schitage vom 17.02. bis 19.02.\u00a0 auf der Petzen wurden f\u00fcr die Sch\u00fcler zu einem tollen Erlebnis. Auch die winterlichen Wetterverh\u00e4ltnisse konnten die Freude am Sport nicht mindern. Alle Sch\u00fcler erlernten das Schifahren und waren mit Begeisterung dabei.<br \/>\nHerzlichen Dank an alle unterst\u00fctzenden Eltern!<\/p>\n<p>Ob vsakem vremenu je smu\u010danje lu\u0161tno. V teh dneh smo se veliko nau\u010dili in mnogo do\u017eiveli.<br \/>\n<br \/>\n<a data-flickr-embed=\"true\"  href=\"https:\/\/www.flickr.com\/photos\/100149004@N08\/albums\/72157664334829659\" title=\"15\/16 Schitage auf der Petzen\"><img loading=\"lazy\" decoding=\"async\" src=\"https:\/\/farm2.staticflickr.com\/1706\/24934444390_4b8daa615a_z.jpg\" width=\"640\" height=\"480\" alt=\"15\/16 Schitage auf der Petzen\"><\/a><script async src=\"\/\/embedr.flickr.com\/assets\/client-code.js\" charset=\"utf-8\"><\/script><\/a><script async src=\"\/\/embedr.flickr.com\/assets\/client-code.js\" charset=\"utf-8\"><\/script><br \/>\n<a href=\"https:\/\/www.flickr.com\/photos\/100149004@N08\/sets\/\" target=\"_blank\">ALLE ALBEN<\/a><\/p>\n","protected":false},"excerpt":{"rendered":"<p>Die Schitage vom 17.02. bis 19.02.\u00a0 auf der Petzen wurden f\u00fcr die Sch\u00fcler zu einem tollen Erlebnis. Auch die winterlichen Wetterverh\u00e4ltnisse konnten die Freude am Sport nicht mindern. Alle Sch\u00fcler erlernten das Schifahren und waren mit Begeisterung dabei. Herzlichen Dank<\/p>\n","protected":false},"author":3,"featured_media":4514,"comment_status":"closed","ping_status":"open","sticky":false,"template":"","format":"standard","meta":{"footnotes":""},"categories":[39],"tags":[],"class_list":["post-4506","post","type-post","status-publish","format-standard","has-post-thumbnail","hentry","category-wir-alle-machten-mit-2015-16"],"_links":{"self":[{"href":"https:\/\/vs-st-kanzian.ksn.at\/index.php?rest_route=\/wp\/v2\/posts\/4506","targetHints":{"allow":["GET"]}}],"collection":[{"href":"https:\/\/vs-st-kanzian.ksn.at\/index.php?rest_route=\/wp\/v2\/posts"}],"about":[{"href":"https:\/\/vs-st-kanzian.ksn.at\/index.php?rest_route=\/wp\/v2\/types\/post"}],"author":[{"embeddable":true,"href":"https:\/\/vs-st-kanzian.ksn.at\/index.php?rest_route=\/wp\/v2\/users\/3"}],"replies":[{"embeddable":true,"href":"https:\/\/vs-st-kanzian.ksn.at\/index.php?rest_route=%2Fwp%2Fv2%2Fcomments&post=4506"}],"version-history":[{"count":9,"href":"https:\/\/vs-st-kanzian.ksn.at\/index.php?rest_route=\/wp\/v2\/posts\/4506\/revisions"}],"predecessor-version":[{"id":7466,"href":"https:\/\/vs-st-kanzian.ksn.at\/index.php?rest_route=\/wp\/v2\/posts\/4506\/revisions\/7466"}],"wp:featuredmedia":[{"embeddable":true,"href":"https:\/\/vs-st-kanzian.ksn.at\/index.php?rest_route=\/wp\/v2\/media\/4514"}],"wp:attachment":[{"href":"https:\/\/vs-st-kanzian.ksn.at\/index.php?rest_route=%2Fwp%2Fv2%2Fmedia&parent=4506"}],"wp:term":[{"taxonomy":"category","embeddable":true,"href":"https:\/\/vs-st-kanzian.ksn.at\/index.php?rest_route=%2Fwp%2Fv2%2Fcategories&post=4506"},{"taxonomy":"post_tag","embeddable":true,"href":"https:\/\/vs-st-kanzian.ksn.at\/index.php?rest_route=%2Fwp%2Fv2%2Ftags&post=4506"}],"curies":[{"name":"wp","href":"https:\/\/api.w.org\/{rel}","templated":true}]}}