{"id":664,"date":"2014-09-09T16:42:06","date_gmt":"2014-09-09T14:42:06","guid":{"rendered":"http:\/\/www.vs-st-kanzian.ksn.at\/?p=664"},"modified":"2024-09-20T18:53:05","modified_gmt":"2024-09-20T16:53:05","slug":"mein-koerper-gehoert-mir","status":"publish","type":"post","link":"https:\/\/vs-st-kanzian.ksn.at\/?p=664","title":{"rendered":"Mein K\u00f6rper geh\u00f6rt mir! GS II"},"content":{"rendered":"<p>Das <a href=\"http:\/\/www.aktiv4u.at\/\" target=\"_blank\" rel=\"noopener\">\u00d6sterreichische Zentrum f\u00fcr Kriminalpr\u00e4vention<\/a> veranstaltete auch im heurigen Schuljahr an der Volksschule St. Kanzian das Programm <a href=\"http:\/\/www.aktiv4u.at\/mein_koerper_gehoert_mir.php\" target=\"_blank\" rel=\"noopener\">Mein K\u00f6rper geh\u00f6rt mir<\/a>.<br \/>\nDas theaterp\u00e4dagogische Pr\u00e4ventionsprojekt gegen sexuellen Missbrauch von Kindern soll Sch\u00fcler und Sch\u00fclerinnen darauf sensibilisieren, dass ihr K\u00f6rper ihr pers\u00f6nliches Eigentum ist und es soll sie in ihrer Pers\u00f6nlichkeit st\u00e4rken, um NEIN sagen zu k\u00f6nnen.<br \/>\nDieses Projekt wird alle zwei Jahre an unserer Schule in den dritten und vierten Klassen durchgef\u00fchrt.<\/p>\n<p>Wie l\u00e4uft das Projekt ab?<br \/>\nIm Vorfeld gibt es einen Elternabend, bei dem die wesentlichen Inhalte vermittelt werden.<br \/>\nZwei Schauspieler, eine Frau und ein Mann, erarbeiten dann in drei aufeinanderfolgenden Wochen das Thema im Klassenverband. Die Sch\u00fcler und Sch\u00fclerinnen wirken aktiv am Geschehen mit und lernen dabei Ja- und Nein-Gef\u00fchle bewusst wahrzunehmen.<br \/>\nAuch das Verhalten Fremden gegen\u00fcber wird spielerisch erlernt. In diesem Schuljahr nahmen 62 Kinder teil. Mein K\u00f6rper geh\u00f6rt mir passt auch sehr gut in unser schulisches Gro\u00dfprojekt Gesundheit macht Schule, das seit dem heurigen Schuljahr in Zusammenarbeit mit der <a href=\"http:\/\/www.kgkk.at\/portal27\/portal\/kgkkportal\/content\/contentWindow?action=2&amp;viewmode=content&amp;contentid=10007.698498\" target=\"_blank\" rel=\"noopener\">Service Stelle Schulen der K\u00e4rntner Gebietskrankenkasse<\/a> an der Volksschule St. Kanzian durchgef\u00fchrt wird.<\/p>\n<p>Das Programm Mein K\u00f6rper geh\u00f6rt mir &#8211; Pr\u00e4ventionsprojekt gegen den Missbrauch &#8211; wurde 1994 von Anna Pallas und Reinhard Gesse von der Theaterp\u00e4dagogischen Werkstatt in Osnabr\u00fcck in Zusammenarbeit mit Polizei und Kinderschutzbund ins Leben gerufen und wird st\u00e4ndig an die neuen gesellschaftlichen Gegebenheiten angepasst.<\/p>\n<p>Finanziell unterst\u00fctzt wurde dieses Projekt zu einem Gro\u00dfteil von Sponsoren, die auch auf unserer Homepage erw\u00e4hnt werden. VIELEN DANK!<\/p>\n<p><a title=\"13\/14 Mein K\u00f6rper geh\u00f6rt mir GST II\" href=\"https:\/\/www.flickr.com\/photos\/100149004@N08\/albums\/72157643568053633\" data-flickr-embed=\"true\"><img loading=\"lazy\" decoding=\"async\" class=\"aligncenter\" src=\"https:\/\/live.staticflickr.com\/7192\/13688042534_a295c078d4_c.jpg\" alt=\"13\/14 Mein K\u00f6rper geh\u00f6rt mir GST II\" width=\"800\" height=\"600\" \/><\/a><script async src=\"\/\/embedr.flickr.com\/assets\/client-code.js\" charset=\"utf-8\"><\/script><br \/>\n<a href=\"https:\/\/www.flickr.com\/photos\/100149004@N08\/sets\/\" target=\"_blank\" rel=\"noopener\">ALLE ALBEN<\/a><\/p>\n","protected":false},"excerpt":{"rendered":"<p>Das \u00d6sterreichische Zentrum f\u00fcr Kriminalpr\u00e4vention veranstaltete auch im heurigen Schuljahr an der Volksschule St. Kanzian das Programm Mein K\u00f6rper geh\u00f6rt mir. Das theaterp\u00e4dagogische Pr\u00e4ventionsprojekt gegen sexuellen Missbrauch von Kindern soll Sch\u00fcler und Sch\u00fclerinnen darauf sensibilisieren, dass ihr K\u00f6rper ihr pers\u00f6nliches<\/p>\n","protected":false},"author":1,"featured_media":667,"comment_status":"closed","ping_status":"open","sticky":false,"template":"","format":"standard","meta":{"footnotes":""},"categories":[275,283,284,285,286,287,278],"tags":[],"class_list":["post-664","post","type-post","status-publish","format-standard","has-post-thumbnail","hentry","category-gesundheit-macht-schule","category-beitraege-der-3a-2013-14","category-beitraege-der-3b-2013-14","category-beitraege-der-4a-2013-14","category-beitraege-der-4b-2013-14","category-schuljahr-2013-14","category-schj-2013-14"],"_links":{"self":[{"href":"https:\/\/vs-st-kanzian.ksn.at\/index.php?rest_route=\/wp\/v2\/posts\/664","targetHints":{"allow":["GET"]}}],"collection":[{"href":"https:\/\/vs-st-kanzian.ksn.at\/index.php?rest_route=\/wp\/v2\/posts"}],"about":[{"href":"https:\/\/vs-st-kanzian.ksn.at\/index.php?rest_route=\/wp\/v2\/types\/post"}],"author":[{"embeddable":true,"href":"https:\/\/vs-st-kanzian.ksn.at\/index.php?rest_route=\/wp\/v2\/users\/1"}],"replies":[{"embeddable":true,"href":"https:\/\/vs-st-kanzian.ksn.at\/index.php?rest_route=%2Fwp%2Fv2%2Fcomments&post=664"}],"version-history":[{"count":6,"href":"https:\/\/vs-st-kanzian.ksn.at\/index.php?rest_route=\/wp\/v2\/posts\/664\/revisions"}],"predecessor-version":[{"id":17355,"href":"https:\/\/vs-st-kanzian.ksn.at\/index.php?rest_route=\/wp\/v2\/posts\/664\/revisions\/17355"}],"wp:featuredmedia":[{"embeddable":true,"href":"https:\/\/vs-st-kanzian.ksn.at\/index.php?rest_route=\/wp\/v2\/media\/667"}],"wp:attachment":[{"href":"https:\/\/vs-st-kanzian.ksn.at\/index.php?rest_route=%2Fwp%2Fv2%2Fmedia&parent=664"}],"wp:term":[{"taxonomy":"category","embeddable":true,"href":"https:\/\/vs-st-kanzian.ksn.at\/index.php?rest_route=%2Fwp%2Fv2%2Fcategories&post=664"},{"taxonomy":"post_tag","embeddable":true,"href":"https:\/\/vs-st-kanzian.ksn.at\/index.php?rest_route=%2Fwp%2Fv2%2Ftags&post=664"}],"curies":[{"name":"wp","href":"https:\/\/api.w.org\/{rel}","templated":true}]}}