{"id":678,"date":"2014-09-09T16:54:37","date_gmt":"2014-09-09T14:54:37","guid":{"rendered":"http:\/\/www.vs-st-kanzian.ksn.at\/?p=678"},"modified":"2024-09-20T17:37:52","modified_gmt":"2024-09-20T15:37:52","slug":"fruehlingsfest-pozdrav-vigredi","status":"publish","type":"post","link":"https:\/\/vs-st-kanzian.ksn.at\/?p=678","title":{"rendered":"Fr\u00fchlingsfest &#8211; Pozdrav vigredi"},"content":{"rendered":"<p>Am 10. April\u00a0 fand im Kulturzentrum K3 unter dem Motto Fit-Aktiv-Gesund das traditionelle Fr\u00fchlingsfest statt. Die Sch\u00fclerInnen zogen gemeinsam mit ihren LehrerInnen alle Register ihres K\u00f6nnens.<br \/>\nSie sangen, tanzten, turnten und erz\u00e4hlten Geschichten in verschiedenen Sprachen. Die Beitr\u00e4ge waren ganz auf unser gro\u00dfes Projekt Gesundheit macht Schule abgestimmt.<br \/>\nIm begeisterten Publikum waren unter vielen anderen auch Hausherr B\u00fcrgermeister Thomas Krainz, Vizeb\u00fcrgermeister Kunibert Sourij, Gemeindevorstand Oskar Preinig, Pfarrer Mag. Friedrich Isop und auch die Direktorin der Musikschule Birgit T\u00f6plitzer.<\/p>\n<p>10. aprila so u\u010denke in u\u010denci ljudske \u0161ole \u0160kocjan s petjem, plesom, telovadbo in z raznimi zgodbami pokazali, kaj znajo in s tem navdu\u0161ili gledalce. Med njimi je bil \u017eupan Thomas Krainz, pod\u017eupan Kunibert Sourij, ob\u010dinski urad Oskar Preinig, \u017eupnik Mirko Isop in ravnateljica glasbene \u0161ole Birgit T\u00f6plitzer.<\/p>\n<p>Vsi prispevki so stali pod geslom &gt;Zdravje, zdrava prehrana, gibanje in nega telesa.<\/p>\n<p><a title=\"13\/14 Fr\u00fchlingsfest\" href=\"https:\/\/www.flickr.com\/photos\/100149004@N08\/albums\/72157644388628166\" data-flickr-embed=\"true\"><img loading=\"lazy\" decoding=\"async\" src=\"https:\/\/farm6.staticflickr.com\/5254\/14068595101_b16ce7595f_o.jpg\" alt=\"13\/14 Fr\u00fchlingsfest\" width=\"3488\" height=\"2616\" \/><\/a><script async src=\"\/\/embedr.flickr.com\/assets\/client-code.js\" charset=\"utf-8\"><\/script><br \/>\n<a href=\"https:\/\/www.flickr.com\/photos\/100149004@N08\/sets\/\" target=\"_blank\" rel=\"noopener\">ALLE ALBEN<\/a><\/p>\n","protected":false},"excerpt":{"rendered":"<p>Am 10. April\u00a0 fand im Kulturzentrum K3 unter dem Motto Fit-Aktiv-Gesund das traditionelle Fr\u00fchlingsfest statt. Die Sch\u00fclerInnen zogen gemeinsam mit ihren LehrerInnen alle Register ihres K\u00f6nnens. Sie sangen, tanzten, turnten und erz\u00e4hlten Geschichten in verschiedenen Sprachen. Die Beitr\u00e4ge waren ganz<\/p>\n","protected":false},"author":1,"featured_media":680,"comment_status":"closed","ping_status":"open","sticky":false,"template":"","format":"standard","meta":{"footnotes":""},"categories":[92,21],"tags":[],"class_list":["post-678","post","type-post","status-publish","format-standard","has-post-thumbnail","hentry","category-gemeinsame-veranstaltungen","category-wir-alle-machten-mit-2014-15"],"_links":{"self":[{"href":"https:\/\/vs-st-kanzian.ksn.at\/index.php?rest_route=\/wp\/v2\/posts\/678","targetHints":{"allow":["GET"]}}],"collection":[{"href":"https:\/\/vs-st-kanzian.ksn.at\/index.php?rest_route=\/wp\/v2\/posts"}],"about":[{"href":"https:\/\/vs-st-kanzian.ksn.at\/index.php?rest_route=\/wp\/v2\/types\/post"}],"author":[{"embeddable":true,"href":"https:\/\/vs-st-kanzian.ksn.at\/index.php?rest_route=\/wp\/v2\/users\/1"}],"replies":[{"embeddable":true,"href":"https:\/\/vs-st-kanzian.ksn.at\/index.php?rest_route=%2Fwp%2Fv2%2Fcomments&post=678"}],"version-history":[{"count":4,"href":"https:\/\/vs-st-kanzian.ksn.at\/index.php?rest_route=\/wp\/v2\/posts\/678\/revisions"}],"predecessor-version":[{"id":17350,"href":"https:\/\/vs-st-kanzian.ksn.at\/index.php?rest_route=\/wp\/v2\/posts\/678\/revisions\/17350"}],"wp:featuredmedia":[{"embeddable":true,"href":"https:\/\/vs-st-kanzian.ksn.at\/index.php?rest_route=\/wp\/v2\/media\/680"}],"wp:attachment":[{"href":"https:\/\/vs-st-kanzian.ksn.at\/index.php?rest_route=%2Fwp%2Fv2%2Fmedia&parent=678"}],"wp:term":[{"taxonomy":"category","embeddable":true,"href":"https:\/\/vs-st-kanzian.ksn.at\/index.php?rest_route=%2Fwp%2Fv2%2Fcategories&post=678"},{"taxonomy":"post_tag","embeddable":true,"href":"https:\/\/vs-st-kanzian.ksn.at\/index.php?rest_route=%2Fwp%2Fv2%2Ftags&post=678"}],"curies":[{"name":"wp","href":"https:\/\/api.w.org\/{rel}","templated":true}]}}