{"id":895,"date":"2014-09-12T19:29:39","date_gmt":"2014-09-12T17:29:39","guid":{"rendered":"http:\/\/www.vs-st-kanzian.ksn.at\/?p=895"},"modified":"2018-11-27T15:31:37","modified_gmt":"2018-11-27T13:31:37","slug":"frederick-du-bist-ja-ein-dichter","status":"publish","type":"post","link":"https:\/\/vs-st-kanzian.ksn.at\/?p=895","title":{"rendered":"Frederick, du bist ja ein Dichter!"},"content":{"rendered":"<p>Die Hauptfigur in diesem Kinderbuchklassiker von Leo Lionni ist die Maus Frederick. Anstatt im Herbst seinen M\u00e4usefreunden zu helfen, Vorkehrungen f\u00fcr den Winter zu treffen, legt er sich auf einen Stein und f\u00e4ngt Farben und die W\u00e4rme der Sonne ein. Als nach Ende des Winters die gesammelten Vorr\u00e4te zu Ende gehen, erz\u00e4hlt Frederick von all den sch\u00f6nen Dingen, die die M\u00e4uschen im Fr\u00fchling erwarten und h\u00e4lt so seine Freunde am Leben.<\/p>\n<p><a title=\"13\/14 B\u00fccherzwerge - Frederick, du bist ja ein Dichter!\" href=\"https:\/\/www.flickr.com\/photos\/100149004@N08\/albums\/72157637690953583\" data-flickr-embed=\"true\"><img loading=\"lazy\" decoding=\"async\" class=\"aligncenter\" src=\"https:\/\/farm3.staticflickr.com\/2827\/10867385254_d238c05b2c_z.jpg\" alt=\"13\/14 B\u00fccherzwerge - Frederick, du bist ja ein Dichter!\" width=\"640\" height=\"480\" \/><\/a><script async src=\"\/\/embedr.flickr.com\/assets\/client-code.js\" charset=\"utf-8\"><\/script><br \/>\n<a href=\"https:\/\/www.flickr.com\/photos\/100149004@N08\/sets\/\" target=\"_blank\" rel=\"noopener\">ALLE ALBEN<\/a><\/p>\n","protected":false},"excerpt":{"rendered":"<p>Die Hauptfigur in diesem Kinderbuchklassiker von Leo Lionni ist die Maus Frederick. Anstatt im Herbst seinen M\u00e4usefreunden zu helfen, Vorkehrungen f\u00fcr den Winter zu treffen, legt er sich auf einen Stein und f\u00e4ngt Farben und die W\u00e4rme der Sonne ein.<\/p>\n","protected":false},"author":1,"featured_media":1241,"comment_status":"closed","ping_status":"open","sticky":false,"template":"","format":"standard","meta":{"footnotes":""},"categories":[22],"tags":[],"class_list":["post-895","post","type-post","status-publish","format-standard","has-post-thumbnail","hentry","category-buchstart"],"_links":{"self":[{"href":"https:\/\/vs-st-kanzian.ksn.at\/index.php?rest_route=\/wp\/v2\/posts\/895","targetHints":{"allow":["GET"]}}],"collection":[{"href":"https:\/\/vs-st-kanzian.ksn.at\/index.php?rest_route=\/wp\/v2\/posts"}],"about":[{"href":"https:\/\/vs-st-kanzian.ksn.at\/index.php?rest_route=\/wp\/v2\/types\/post"}],"author":[{"embeddable":true,"href":"https:\/\/vs-st-kanzian.ksn.at\/index.php?rest_route=\/wp\/v2\/users\/1"}],"replies":[{"embeddable":true,"href":"https:\/\/vs-st-kanzian.ksn.at\/index.php?rest_route=%2Fwp%2Fv2%2Fcomments&post=895"}],"version-history":[{"count":6,"href":"https:\/\/vs-st-kanzian.ksn.at\/index.php?rest_route=\/wp\/v2\/posts\/895\/revisions"}],"predecessor-version":[{"id":9767,"href":"https:\/\/vs-st-kanzian.ksn.at\/index.php?rest_route=\/wp\/v2\/posts\/895\/revisions\/9767"}],"wp:featuredmedia":[{"embeddable":true,"href":"https:\/\/vs-st-kanzian.ksn.at\/index.php?rest_route=\/wp\/v2\/media\/1241"}],"wp:attachment":[{"href":"https:\/\/vs-st-kanzian.ksn.at\/index.php?rest_route=%2Fwp%2Fv2%2Fmedia&parent=895"}],"wp:term":[{"taxonomy":"category","embeddable":true,"href":"https:\/\/vs-st-kanzian.ksn.at\/index.php?rest_route=%2Fwp%2Fv2%2Fcategories&post=895"},{"taxonomy":"post_tag","embeddable":true,"href":"https:\/\/vs-st-kanzian.ksn.at\/index.php?rest_route=%2Fwp%2Fv2%2Ftags&post=895"}],"curies":[{"name":"wp","href":"https:\/\/api.w.org\/{rel}","templated":true}]}}