{"id":899,"date":"2014-09-12T19:33:34","date_gmt":"2014-09-12T17:33:34","guid":{"rendered":"http:\/\/www.vs-st-kanzian.ksn.at\/?p=899"},"modified":"2018-11-27T15:28:01","modified_gmt":"2018-11-27T13:28:01","slug":"wie-gehts-dem-schweinchen","status":"publish","type":"post","link":"https:\/\/vs-st-kanzian.ksn.at\/?p=899","title":{"rendered":"Wie geht\u00b4s dem Schweinchen?"},"content":{"rendered":"<p>Am Montag war das Schweinchen faul. Es wollte einfach nicht aufstehen. Bis Mittag blieb es im Bett liegen und tr\u00e4umte zwei sch\u00f6ne, lange Schweinchentr\u00e4ume.<br \/>\nUm zw\u00f6lf Uhr wachte es auf und a\u00df eine Sch\u00fcssel voll Schweinem\u00fcsli.<br \/>\nDann nahm es eine Decke und ging in den Garten.<br \/>\nIm Garten hatte das Schweinchen eine H\u00e4ngematte. Darin schlummerte es bis zum Abend.<br \/>\nAm Abend ging das Schweinchen wieder ins Haus und schlief im Bett weiter. So ein faules Schweinchen!<br \/>\nDas ist der Beginn der November 2013 B\u00fccherzwerge-Geschichte, die wir nat\u00fcrlich mit gro\u00dfem Eifer auch nachspielten, denn das Schweinchen machte an jedem Wochentag etwas Interessantes.<br \/>\nGeschrieben wurde Wie geht\u00b4s dem Schweinchen? von Erwin Moser, der aus Unzufriedenheit mit den vorhandenen Kinderb\u00fcchern selbst zu schreiben und zu illustrieren begann und mittlerweile bereits \u00fcber 100 Kinderb\u00fccher verfasst hat.<br \/>\nUnd <a href=\"http:\/\/www.youtube.com\/watch?v=6sXZCpzUCOY&amp;feature=youtu.be\" target=\"_blank\" rel=\"noopener\">HIER<\/a> geht es zu unserem Schlusslied! Bitte anh\u00f6ren!<\/p>\n<p><a title=\"13\/14 B\u00fccherzwerge Jenny und Lorenzo\" href=\"https:\/\/www.flickr.com\/photos\/100149004@N08\/albums\/72157641653786585\" data-flickr-embed=\"true\"><img loading=\"lazy\" decoding=\"async\" class=\"aligncenter\" src=\"https:\/\/farm8.staticflickr.com\/7336\/12836449434_49866e0d17_z.jpg\" alt=\"13\/14 B\u00fccherzwerge Jenny und Lorenzo\" width=\"640\" height=\"427\" \/><\/a><script async src=\"\/\/embedr.flickr.com\/assets\/client-code.js\" charset=\"utf-8\"><\/script><br \/>\n<a href=\"https:\/\/www.flickr.com\/photos\/100149004@N08\/sets\/\" target=\"_blank\" rel=\"noopener\">ALLE ALBEN<\/a><\/p>\n","protected":false},"excerpt":{"rendered":"<p>Am Montag war das Schweinchen faul. Es wollte einfach nicht aufstehen. Bis Mittag blieb es im Bett liegen und tr\u00e4umte zwei sch\u00f6ne, lange Schweinchentr\u00e4ume. Um zw\u00f6lf Uhr wachte es auf und a\u00df eine Sch\u00fcssel voll Schweinem\u00fcsli. Dann nahm es eine<\/p>\n","protected":false},"author":1,"featured_media":1239,"comment_status":"closed","ping_status":"open","sticky":false,"template":"","format":"standard","meta":{"footnotes":""},"categories":[22],"tags":[],"class_list":["post-899","post","type-post","status-publish","format-standard","has-post-thumbnail","hentry","category-buchstart"],"_links":{"self":[{"href":"https:\/\/vs-st-kanzian.ksn.at\/index.php?rest_route=\/wp\/v2\/posts\/899","targetHints":{"allow":["GET"]}}],"collection":[{"href":"https:\/\/vs-st-kanzian.ksn.at\/index.php?rest_route=\/wp\/v2\/posts"}],"about":[{"href":"https:\/\/vs-st-kanzian.ksn.at\/index.php?rest_route=\/wp\/v2\/types\/post"}],"author":[{"embeddable":true,"href":"https:\/\/vs-st-kanzian.ksn.at\/index.php?rest_route=\/wp\/v2\/users\/1"}],"replies":[{"embeddable":true,"href":"https:\/\/vs-st-kanzian.ksn.at\/index.php?rest_route=%2Fwp%2Fv2%2Fcomments&post=899"}],"version-history":[{"count":4,"href":"https:\/\/vs-st-kanzian.ksn.at\/index.php?rest_route=\/wp\/v2\/posts\/899\/revisions"}],"predecessor-version":[{"id":9765,"href":"https:\/\/vs-st-kanzian.ksn.at\/index.php?rest_route=\/wp\/v2\/posts\/899\/revisions\/9765"}],"wp:featuredmedia":[{"embeddable":true,"href":"https:\/\/vs-st-kanzian.ksn.at\/index.php?rest_route=\/wp\/v2\/media\/1239"}],"wp:attachment":[{"href":"https:\/\/vs-st-kanzian.ksn.at\/index.php?rest_route=%2Fwp%2Fv2%2Fmedia&parent=899"}],"wp:term":[{"taxonomy":"category","embeddable":true,"href":"https:\/\/vs-st-kanzian.ksn.at\/index.php?rest_route=%2Fwp%2Fv2%2Fcategories&post=899"},{"taxonomy":"post_tag","embeddable":true,"href":"https:\/\/vs-st-kanzian.ksn.at\/index.php?rest_route=%2Fwp%2Fv2%2Ftags&post=899"}],"curies":[{"name":"wp","href":"https:\/\/api.w.org\/{rel}","templated":true}]}}