{"id":909,"date":"2014-09-12T19:51:27","date_gmt":"2014-09-12T17:51:27","guid":{"rendered":"http:\/\/www.vs-st-kanzian.ksn.at\/?p=909"},"modified":"2018-11-27T10:41:13","modified_gmt":"2018-11-27T08:41:13","slug":"simon-beim-friseur","status":"publish","type":"post","link":"https:\/\/vs-st-kanzian.ksn.at\/?p=909","title":{"rendered":"Simon beim Friseur"},"content":{"rendered":"<p>Simon sollte sich die Haare schneiden lassen, was ihm aber gar nicht gef\u00e4llt. Die Mutter schickt ihn in Herrn Witcheks Fris\u00f6rladen, wo er sich ziemlich \u00e4ngstlich auf den Stuhl setzt. W\u00e4hrend Herr Witschek mit Simons Kopf besch\u00e4ftigt ist, erz\u00e4hlt er ihm sehr spannend von seiner Karriere als Fris\u00f6r. So war er Torero in Spanien, wo er den Stieren vor dem Kampf noch die Ponyfransen geschnitten hatte. Auch in Afrika hatte er ein Gesch\u00e4ft, in dem eine Gr\u00fcne Mamba, Zebras, Elefanten und L\u00f6wen seine Kunden waren und wo er einen sehr geschickten Affen als Fris\u00f6r-Lehrling hatte. Nachdem ein Sandsturm seinen Laden zerst\u00f6rt hatte und auch die Gesch\u00e4fte auf dem Nordpol nicht besonders gut liefen, kam er wieder zur\u00fcck in seine Heimatstadt. Simon h\u00e4tte noch gern mehr von Herrn Witcheks Abenteuern geh\u00f6rt, aber da war der Fris\u00f6r schon fertig und Simon hatte eine supertolle Frisur.<\/p>\n<p>Geschrieben hat Simon beim Fris\u00f6r Dorothee Haentjes, illustriert wurde es von Karsten Teich.<\/p>\n<p><a title=\"13\/14 B\u00fccherzwerge Simon beim Fris\u00f6r\" href=\"https:\/\/www.flickr.com\/photos\/100149004@N08\/albums\/72157644631733547\" data-flickr-embed=\"true\"><img loading=\"lazy\" decoding=\"async\" class=\"aligncenter\" src=\"https:\/\/farm4.staticflickr.com\/3924\/14174208167_6c5a44a0f1_z.jpg\" alt=\"13\/14 B\u00fccherzwerge Simon beim Fris\u00f6r\" width=\"640\" height=\"427\" \/><\/a><script async src=\"\/\/embedr.flickr.com\/assets\/client-code.js\" charset=\"utf-8\"><\/script><br \/>\n<a href=\"https:\/\/www.flickr.com\/photos\/100149004@N08\/sets\/\" target=\"_blank\" rel=\"noopener\">ALLE ALBEN<\/a><\/p>\n","protected":false},"excerpt":{"rendered":"<p>Simon sollte sich die Haare schneiden lassen, was ihm aber gar nicht gef\u00e4llt. Die Mutter schickt ihn in Herrn Witcheks Fris\u00f6rladen, wo er sich ziemlich \u00e4ngstlich auf den Stuhl setzt. W\u00e4hrend Herr Witschek mit Simons Kopf besch\u00e4ftigt ist, erz\u00e4hlt er<\/p>\n","protected":false},"author":1,"featured_media":1233,"comment_status":"closed","ping_status":"open","sticky":false,"template":"","format":"standard","meta":{"footnotes":""},"categories":[22],"tags":[],"class_list":["post-909","post","type-post","status-publish","format-standard","has-post-thumbnail","hentry","category-buchstart"],"_links":{"self":[{"href":"https:\/\/vs-st-kanzian.ksn.at\/index.php?rest_route=\/wp\/v2\/posts\/909","targetHints":{"allow":["GET"]}}],"collection":[{"href":"https:\/\/vs-st-kanzian.ksn.at\/index.php?rest_route=\/wp\/v2\/posts"}],"about":[{"href":"https:\/\/vs-st-kanzian.ksn.at\/index.php?rest_route=\/wp\/v2\/types\/post"}],"author":[{"embeddable":true,"href":"https:\/\/vs-st-kanzian.ksn.at\/index.php?rest_route=\/wp\/v2\/users\/1"}],"replies":[{"embeddable":true,"href":"https:\/\/vs-st-kanzian.ksn.at\/index.php?rest_route=%2Fwp%2Fv2%2Fcomments&post=909"}],"version-history":[{"count":6,"href":"https:\/\/vs-st-kanzian.ksn.at\/index.php?rest_route=\/wp\/v2\/posts\/909\/revisions"}],"predecessor-version":[{"id":9757,"href":"https:\/\/vs-st-kanzian.ksn.at\/index.php?rest_route=\/wp\/v2\/posts\/909\/revisions\/9757"}],"wp:featuredmedia":[{"embeddable":true,"href":"https:\/\/vs-st-kanzian.ksn.at\/index.php?rest_route=\/wp\/v2\/media\/1233"}],"wp:attachment":[{"href":"https:\/\/vs-st-kanzian.ksn.at\/index.php?rest_route=%2Fwp%2Fv2%2Fmedia&parent=909"}],"wp:term":[{"taxonomy":"category","embeddable":true,"href":"https:\/\/vs-st-kanzian.ksn.at\/index.php?rest_route=%2Fwp%2Fv2%2Fcategories&post=909"},{"taxonomy":"post_tag","embeddable":true,"href":"https:\/\/vs-st-kanzian.ksn.at\/index.php?rest_route=%2Fwp%2Fv2%2Ftags&post=909"}],"curies":[{"name":"wp","href":"https:\/\/api.w.org\/{rel}","templated":true}]}}